{"id":2606,"date":"2026-09-05T11:43:56","date_gmt":"2026-09-05T15:43:56","guid":{"rendered":"https:\/\/elpueblo.com.do\/?p=2606"},"modified":"2026-09-05T11:43:58","modified_gmt":"2026-09-05T15:43:58","slug":"dirigencia-de-peravia-reafirma-apoyo-a-carolina-mejia-en-encuentro-encabezado-por-hipolito-mejia","status":"publish","type":"post","link":"https:\/\/elpueblo.com.do\/actualidad\/dirigencia-de-peravia-reafirma-apoyo-a-carolina-mejia-en-encuentro-encabezado-por-hipolito-mejia\/2606\/","title":{"rendered":"Dirigencia de Peravia reafirma apoyo a Carolina Mej\u00eda en encuentro encabezado por Hip\u00f3lito Mej\u00eda"},"content":{"rendered":"\n<p class=\"wp-block-paragraph\">Dirigentes y simpatizantes del proyecto presidencial de Carolina Mej\u00eda participaron en un gran encuentro provincial en Ban\u00ed, donde reafirmaron su respaldo a Carolina.<\/p>\n\n\n\n<p class=\"wp-block-paragraph\">Hip\u00f3lito Mej\u00eda exhort\u00f3 a la militancia a continuar trabajando con entusiasmo, unidad y cercan\u00eda con las bases para fortalecer la candidatura presidencial de Carolina de cara al 2028.<\/p>\n\n\n\n<p class=\"wp-block-paragraph\">La actividad evidenci\u00f3 el crecimiento y la organizaci\u00f3n territorial del proyecto en Peravia, con visi\u00f3n, orden y firmeza. #CarolinaMej\u00eda #C28<\/p>\n","protected":false},"excerpt":{"rendered":"<p>Dirigentes y simpatizantes del proyecto presidencial de Carolina Mej\u00eda participaron en un gran encuentro provincial en Ban\u00ed, donde reafirmaron su respaldo a Carolina. Hip\u00f3lito Mej\u00eda exhort\u00f3 a la militancia a continuar trabajando con entusiasmo, unidad y cercan\u00eda con las bases para fortalecer la candidatura presidencial de Carolina de cara al 2028. La actividad evidenci\u00f3 el [&hellip;]<\/p>\n","protected":false},"author":1,"featured_media":2607,"comment_status":"open","ping_status":"open","sticky":false,"template":"","format":"standard","meta":{"footnotes":""},"categories":[32],"tags":[],"class_list":["post-2606","post","type-post","status-publish","format-standard","has-post-thumbnail","category-actualidad"],"_links":{"self":[{"href":"https:\/\/elpueblo.com.do\/api-json\/wp\/v2\/posts\/2606","targetHints":{"allow":["GET"]}}],"collection":[{"href":"https:\/\/elpueblo.com.do\/api-json\/wp\/v2\/posts"}],"about":[{"href":"https:\/\/elpueblo.com.do\/api-json\/wp\/v2\/types\/post"}],"author":[{"embeddable":true,"href":"https:\/\/elpueblo.com.do\/api-json\/wp\/v2\/users\/1"}],"replies":[{"embeddable":true,"href":"https:\/\/elpueblo.com.do\/api-json\/wp\/v2\/comments?post=2606"}],"version-history":[{"count":1,"href":"https:\/\/elpueblo.com.do\/api-json\/wp\/v2\/posts\/2606\/revisions"}],"predecessor-version":[{"id":2608,"href":"https:\/\/elpueblo.com.do\/api-json\/wp\/v2\/posts\/2606\/revisions\/2608"}],"wp:featuredmedia":[{"embeddable":true,"href":"https:\/\/elpueblo.com.do\/api-json\/wp\/v2\/media\/2607"}],"wp:attachment":[{"href":"https:\/\/elpueblo.com.do\/api-json\/wp\/v2\/media?parent=2606"}],"wp:term":[{"taxonomy":"category","embeddable":true,"href":"https:\/\/elpueblo.com.do\/api-json\/wp\/v2\/categories?post=2606"},{"taxonomy":"post_tag","embeddable":true,"href":"https:\/\/elpueblo.com.do\/api-json\/wp\/v2\/tags?post=2606"}],"curies":[{"name":"wp","href":"https:\/\/api.w.org\/{rel}","templated":true}]}}