{"id":2603,"date":"2026-09-05T08:40:15","date_gmt":"2026-09-05T12:40:15","guid":{"rendered":"https:\/\/elpueblo.com.do\/?p=2603"},"modified":"2026-09-05T08:40:16","modified_gmt":"2026-09-05T12:40:16","slug":"gloria-reyes-renunciaria-para-dedicarse-al-partido","status":"publish","type":"post","link":"https:\/\/elpueblo.com.do\/actualidad\/gloria-reyes-renunciaria-para-dedicarse-al-partido\/2603\/","title":{"rendered":"\u00bfGLORIA REYES RENUNCIAR\u00cdA PARA DEDICARSE AL PARTIDO?"},"content":{"rendered":"\n<p class=\"wp-block-paragraph\"><strong>La juramentaci\u00f3n de la nueva direcci\u00f3n del PRM abre el debate sobre si sus principales autoridades deber\u00e1n dedicarse plenamente a las tareas partidarias<\/strong><\/p>\n\n\n\n<p class=\"wp-block-paragraph\">Este domingo 6 de septiembre est\u00e1 pautada la juramentaci\u00f3n de la nueva direcci\u00f3n del Partido Revolucionario Moderno (PRM), una estructura que tendr\u00e1 la responsabilidad de conducir pol\u00edticamente a la organizaci\u00f3n oficialista en una etapa particularmente importante de cara a su futuro.<\/p>\n\n\n\n<p class=\"wp-block-paragraph\">La nueva direcci\u00f3n estar\u00e1 encabezada por el presidente Luis Abinader; Deligne Ascenci\u00f3n, como primer vicepresidente; Juan Garrig\u00f3, secretario general, y Gloria Reyes, secretaria de Organizaci\u00f3n.<\/p>\n\n\n\n<p class=\"wp-block-paragraph\">Sin embargo, junto con la juramentaci\u00f3n surge una interrogante que comienza a cobrar fuerza entre dirigentes medios y de base del partido: <strong>\u00bfrenunciar\u00eda Gloria Reyes a sus responsabilidades en el Gobierno para dedicarse plenamente a la Secretar\u00eda de Organizaci\u00f3n del PRM?<\/strong><\/p>\n\n\n\n<p class=\"wp-block-paragraph\">La pregunta adquiere mayor relevancia a partir de la decisi\u00f3n del electo secretario general, Juan Garrig\u00f3, quien ha dado se\u00f1ales concretas sobre la necesidad de disponer del tiempo necesario para asumir las responsabilidades partidarias, incluyendo su salida como viceministro Administrativo de la Presidencia.<\/p>\n\n\n\n<p class=\"wp-block-paragraph\">Ese precedente inevitablemente coloca la mirada sobre la Secretar\u00eda de Organizaci\u00f3n.<\/p>\n\n\n\n<p class=\"wp-block-paragraph\">Y no se trata de una posici\u00f3n cualquiera.<\/p>\n\n\n\n<p class=\"wp-block-paragraph\">La Secretar\u00eda de Organizaci\u00f3n constituye uno de los principales motores operativos de cualquier partido pol\u00edtico. Desde all\u00ed deben articularse las estructuras nacionales, provinciales, municipales y territoriales; fortalecerse los organismos internos; organizarse el padr\u00f3n y la militancia; canalizarse las inquietudes de las bases y mantener funcionando permanentemente la maquinaria pol\u00edtica.<\/p>\n\n\n\n<p class=\"wp-block-paragraph\">Por esa raz\u00f3n, sectores medios y de base del PRM comienzan a preguntarse si el criterio de dedicar mayor tiempo a las responsabilidades partidarias ser\u00e1 aplicado de manera general a quienes ocupen las posiciones fundamentales de la nueva direcci\u00f3n.<\/p>\n\n\n\n<h3 class=\"wp-block-heading\">EL CASO PARTICULAR DE GLORIA REYES<\/h3>\n\n\n\n<p class=\"wp-block-paragraph\">En el caso de Gloria Reyes, la expectativa resulta todav\u00eda mayor por las circunstancias que rodearon su llegada a la Secretar\u00eda de Organizaci\u00f3n.<\/p>\n\n\n\n<p class=\"wp-block-paragraph\">Su elecci\u00f3n estuvo precedida por una intensa crisis entre sectores internos del PRM y por movimientos y negociaciones que finalmente permitieron construir el acuerdo que hizo posible su escogencia, incluyendo una alianza con el sector interno vinculado al liderazgo del ministro de Turismo.<\/p>\n\n\n\n<p class=\"wp-block-paragraph\">Superada aquella confrontaci\u00f3n, comienza ahora una etapa diferente: la de demostrar capacidad para organizar, integrar y fortalecer territorialmente al partido.<\/p>\n\n\n\n<p class=\"wp-block-paragraph\">Precisamente por eso, para numerosos dirigentes, la discusi\u00f3n ya no debe concentrarse en c\u00f3mo Gloria Reyes lleg\u00f3 a la posici\u00f3n, sino en <strong>c\u00f3mo ejercer\u00e1 una responsabilidad que demanda presencia, contacto permanente con las estructuras y dedicaci\u00f3n pol\u00edtica<\/strong>.<\/p>\n\n\n\n<p class=\"wp-block-paragraph\">El PRM lleva casi seis a\u00f1os administrando el Estado y enfrenta uno de los desaf\u00edos naturales de todo partido gobernante: evitar que la din\u00e1mica gubernamental termine debilitando su vida institucional y alejando a sus dirigentes nacionales de las estructuras territoriales que sostienen la organizaci\u00f3n.<\/p>\n\n\n\n<p class=\"wp-block-paragraph\">De ah\u00ed que la nueva direcci\u00f3n tenga ante s\u00ed la tarea de revitalizar los organismos partidarios y recuperar una relaci\u00f3n m\u00e1s activa con las bases.<\/p>\n\n\n\n<h3 class=\"wp-block-heading\">\u00bfUNA SE\u00d1AL POL\u00cdTICA?<\/h3>\n\n\n\n<p class=\"wp-block-paragraph\">Una eventual decisi\u00f3n de Gloria Reyes de concentrarse exclusivamente en sus responsabilidades partidarias tendr\u00eda, por tanto, una lectura que ir\u00eda mucho m\u00e1s all\u00e1 de una simple renuncia a una funci\u00f3n p\u00fablica.<\/p>\n\n\n\n<p class=\"wp-block-paragraph\">Representar\u00eda la se\u00f1al de que la nueva direcci\u00f3n entiende que administrar el PRM requiere tiempo, presencia y dedicaci\u00f3n.<\/p>\n\n\n\n<p class=\"wp-block-paragraph\">Pero hasta que una decisi\u00f3n de esa naturaleza sea anunciada, la interrogante permanecer\u00e1 abierta.<\/p>\n\n\n\n<p class=\"wp-block-paragraph\">La juramentaci\u00f3n de este domingo marcar\u00e1 formalmente el comienzo de una nueva etapa institucional para el partido gobernante. Despu\u00e9s de los acuerdos, negociaciones y tensiones que acompa\u00f1aron la conformaci\u00f3n de sus autoridades, llegar\u00e1 el momento de los resultados.<\/p>\n\n\n\n<p class=\"wp-block-paragraph\">Y entre las bases del PRM comienza a surgir una pregunta sencilla, pero pol\u00edticamente significativa:<\/p>\n\n\n\n<p class=\"wp-block-paragraph\"><strong>Si el secretario general entiende que debe liberar responsabilidades gubernamentales para dedicar tiempo al partido, \u00bfhar\u00e1 lo mismo la nueva secretaria de Organizaci\u00f3n?<\/strong><\/p>\n\n\n\n<p class=\"wp-block-paragraph\">La respuesta podr\u00eda convertirse en una de las primeras se\u00f1ales sobre el rumbo que tomar\u00e1 la nueva direcci\u00f3n del Partido Revolucionario Moderno.<\/p>\n","protected":false},"excerpt":{"rendered":"<p>La juramentaci\u00f3n de la nueva direcci\u00f3n del PRM abre el debate sobre si sus principales autoridades deber\u00e1n dedicarse plenamente a las tareas partidarias Este domingo 6 de septiembre est\u00e1 pautada la juramentaci\u00f3n de la nueva direcci\u00f3n del Partido Revolucionario Moderno (PRM), una estructura que tendr\u00e1 la responsabilidad de conducir pol\u00edticamente a la organizaci\u00f3n oficialista en [&hellip;]<\/p>\n","protected":false},"author":1,"featured_media":2604,"comment_status":"open","ping_status":"open","sticky":false,"template":"","format":"standard","meta":{"footnotes":""},"categories":[32],"tags":[],"class_list":["post-2603","post","type-post","status-publish","format-standard","has-post-thumbnail","category-actualidad"],"_links":{"self":[{"href":"https:\/\/elpueblo.com.do\/api-json\/wp\/v2\/posts\/2603","targetHints":{"allow":["GET"]}}],"collection":[{"href":"https:\/\/elpueblo.com.do\/api-json\/wp\/v2\/posts"}],"about":[{"href":"https:\/\/elpueblo.com.do\/api-json\/wp\/v2\/types\/post"}],"author":[{"embeddable":true,"href":"https:\/\/elpueblo.com.do\/api-json\/wp\/v2\/users\/1"}],"replies":[{"embeddable":true,"href":"https:\/\/elpueblo.com.do\/api-json\/wp\/v2\/comments?post=2603"}],"version-history":[{"count":1,"href":"https:\/\/elpueblo.com.do\/api-json\/wp\/v2\/posts\/2603\/revisions"}],"predecessor-version":[{"id":2605,"href":"https:\/\/elpueblo.com.do\/api-json\/wp\/v2\/posts\/2603\/revisions\/2605"}],"wp:featuredmedia":[{"embeddable":true,"href":"https:\/\/elpueblo.com.do\/api-json\/wp\/v2\/media\/2604"}],"wp:attachment":[{"href":"https:\/\/elpueblo.com.do\/api-json\/wp\/v2\/media?parent=2603"}],"wp:term":[{"taxonomy":"category","embeddable":true,"href":"https:\/\/elpueblo.com.do\/api-json\/wp\/v2\/categories?post=2603"},{"taxonomy":"post_tag","embeddable":true,"href":"https:\/\/elpueblo.com.do\/api-json\/wp\/v2\/tags?post=2603"}],"curies":[{"name":"wp","href":"https:\/\/api.w.org\/{rel}","templated":true}]}}