{"id":2600,"date":"2026-09-02T21:33:20","date_gmt":"2026-09-03T01:33:20","guid":{"rendered":"https:\/\/elpueblo.com.do\/?p=2600"},"modified":"2026-09-02T21:33:21","modified_gmt":"2026-09-03T01:33:21","slug":"partidos-aliados-del-prm-reconocieron-liderazgo-y-aportes-de-paliza","status":"publish","type":"post","link":"https:\/\/elpueblo.com.do\/actualidad\/partidos-aliados-del-prm-reconocieron-liderazgo-y-aportes-de-paliza\/2600\/","title":{"rendered":"Partidos aliados del PRM reconocieron liderazgo y aportes de Paliza"},"content":{"rendered":"\n<p class=\"wp-block-paragraph\"><em>Al culminar ocho a\u00f1os al frente del PRM, los partidos aliados destacaron su disposici\u00f3n al di\u00e1logo, cercan\u00eda y capacidad de articulaci\u00f3n para fortalecer la unidad de la coalici\u00f3n de Gobierno.<\/em><\/p>\n\n\n\n<p class=\"wp-block-paragraph\"><em>Santo Domingo.\u2013<\/em> Al culminar ocho a\u00f1os al frente del Partido Revolucionario Moderno (PRM), los principales dirigentes de siete organizaciones pol\u00edticas que forman parte de la coalici\u00f3n de Gobierno reconocieron este mi\u00e9rcoles al ministro de la Presidencia, Jos\u00e9 Ignacio Paliza, por su liderazgo, disposici\u00f3n permanente al di\u00e1logo, cercan\u00eda y respeto hacia las organizaciones aliadas, as\u00ed como por su capacidad de articulaci\u00f3n pol\u00edtica.<\/p>\n\n\n\n<p class=\"wp-block-paragraph\">El reconocimiento fue otorgado por el Partido Verde Dominicano (PASOVE), Partido Acci\u00f3n Liberal (PAL), Movimiento Democr\u00e1tico Alternativo (MODA), Partido C\u00edvico Renovador (PCR), Partido Humanista Dominicano (PHD), Partido Dem\u00f3crata Popular (PDP) y Partido Nacional Voluntad Ciudadana (PNVC), cuyos representantes destacaron el papel de Paliza en el fortalecimiento de los v\u00ednculos entre las distintas fuerzas pol\u00edticas que acompa\u00f1aron al Gobierno.<\/p>\n\n\n\n<p class=\"wp-block-paragraph\">En representaci\u00f3n de los partidos convocantes, Jos\u00e9 Antol\u00edn Polanco destac\u00f3 la relaci\u00f3n construida por Paliza con las organizaciones aliadas y su disposici\u00f3n para mantener abiertos los canales de di\u00e1logo.<\/p>\n\n\n\n<p class=\"wp-block-paragraph\">\u201cJos\u00e9 Ignacio Paliza ha demostrado que la pol\u00edtica tambi\u00e9n se construye escuchando, respetando y buscando puntos de encuentro. Su cercan\u00eda con nuestros partidos y su disposici\u00f3n permanente al di\u00e1logo han sido fundamentales para fortalecer la unidad de esta coalici\u00f3n\u201d, expres\u00f3 Polanco.<\/p>\n\n\n\n<p class=\"wp-block-paragraph\">La iniciativa puso de relieve el papel que desempe\u00f1\u00f3 Paliza, durante sus ocho a\u00f1os al frente del PRM, como figura de articulaci\u00f3n y construcci\u00f3n de consensos dentro de la coalici\u00f3n, promoviendo una relaci\u00f3n pol\u00edtica basada en el di\u00e1logo, el respeto y la cercan\u00eda con los partidos aliados.<\/p>\n\n\n\n<p class=\"wp-block-paragraph\">Los organizadores valoraron especialmente su disposici\u00f3n para escuchar y mantener canales de comunicaci\u00f3n abiertos con las diferentes organizaciones, una din\u00e1mica que, seg\u00fan destacaron, contribuy\u00f3 al fortalecimiento de la unidad entre las fuerzas que integraron la coalici\u00f3n gubernamental.<\/p>\n\n\n\n<p class=\"wp-block-paragraph\">El acto cont\u00f3 con la participaci\u00f3n de dirigentes nacionales de los siete partidos convocantes, funcionarios p\u00fablicos, invitados especiales y representantes de los medios de comunicaci\u00f3n.<\/p>\n\n\n\n<p class=\"wp-block-paragraph\">Durante la actividad, la licenciada Maritza L\u00f3pez de Ortiz tuvo a su cargo las palabras de entrega del reconocimiento a Paliza, quien posteriormente ofreci\u00f3 las palabras de cierre del homenaje.<\/p>\n\n\n\n<p class=\"wp-block-paragraph\">El encuentro fue realizado en el sal\u00f3n Barcelona del Hotel Catalonia, en Santo Domingo.<\/p>\n","protected":false},"excerpt":{"rendered":"<p>Al culminar ocho a\u00f1os al frente del PRM, los partidos aliados destacaron su disposici\u00f3n al di\u00e1logo, cercan\u00eda y capacidad de articulaci\u00f3n para fortalecer la unidad de la coalici\u00f3n de Gobierno. Santo Domingo.\u2013 Al culminar ocho a\u00f1os al frente del Partido Revolucionario Moderno (PRM), los principales dirigentes de siete organizaciones pol\u00edticas que forman parte de la [&hellip;]<\/p>\n","protected":false},"author":1,"featured_media":2601,"comment_status":"open","ping_status":"open","sticky":false,"template":"","format":"standard","meta":{"footnotes":""},"categories":[32],"tags":[],"class_list":["post-2600","post","type-post","status-publish","format-standard","has-post-thumbnail","category-actualidad"],"_links":{"self":[{"href":"https:\/\/elpueblo.com.do\/api-json\/wp\/v2\/posts\/2600","targetHints":{"allow":["GET"]}}],"collection":[{"href":"https:\/\/elpueblo.com.do\/api-json\/wp\/v2\/posts"}],"about":[{"href":"https:\/\/elpueblo.com.do\/api-json\/wp\/v2\/types\/post"}],"author":[{"embeddable":true,"href":"https:\/\/elpueblo.com.do\/api-json\/wp\/v2\/users\/1"}],"replies":[{"embeddable":true,"href":"https:\/\/elpueblo.com.do\/api-json\/wp\/v2\/comments?post=2600"}],"version-history":[{"count":1,"href":"https:\/\/elpueblo.com.do\/api-json\/wp\/v2\/posts\/2600\/revisions"}],"predecessor-version":[{"id":2602,"href":"https:\/\/elpueblo.com.do\/api-json\/wp\/v2\/posts\/2600\/revisions\/2602"}],"wp:featuredmedia":[{"embeddable":true,"href":"https:\/\/elpueblo.com.do\/api-json\/wp\/v2\/media\/2601"}],"wp:attachment":[{"href":"https:\/\/elpueblo.com.do\/api-json\/wp\/v2\/media?parent=2600"}],"wp:term":[{"taxonomy":"category","embeddable":true,"href":"https:\/\/elpueblo.com.do\/api-json\/wp\/v2\/categories?post=2600"},{"taxonomy":"post_tag","embeddable":true,"href":"https:\/\/elpueblo.com.do\/api-json\/wp\/v2\/tags?post=2600"}],"curies":[{"name":"wp","href":"https:\/\/api.w.org\/{rel}","templated":true}]}}