{"id":2595,"date":"2026-09-01T11:38:50","date_gmt":"2026-09-01T15:38:50","guid":{"rendered":"https:\/\/elpueblo.com.do\/?p=2595"},"modified":"2026-09-01T11:38:51","modified_gmt":"2026-09-01T15:38:51","slug":"socratin-se-fortalece-para-la-senaduria-de-independencia-con-el-proyecto-presidencial-de-carolina-mejia","status":"publish","type":"post","link":"https:\/\/elpueblo.com.do\/actualidad\/socratin-se-fortalece-para-la-senaduria-de-independencia-con-el-proyecto-presidencial-de-carolina-mejia\/2595\/","title":{"rendered":"Socrat\u00edn se fortalece para la senadur\u00eda de Independencia con el proyecto presidencial de Carolina Mej\u00eda"},"content":{"rendered":"\n<p class=\"wp-block-paragraph\">La incorporaci\u00f3n del empresario y dirigente pol\u00edtico S\u00f3crates M\u00e9ndez Ram\u00edrez al proyecto presidencial de Carolina Mej\u00eda podr\u00eda cambiar el tablero pol\u00edtico del PRM en la provincia Independencia de cara al pr\u00f3ximo proceso electoral.<\/p>\n\n\n\n<p class=\"wp-block-paragraph\">JIMAN\u00cd, Independencia.\u2014 S\u00f3crates M\u00e9ndez Ram\u00edrez, conocido popular y cari\u00f1osamente como Socrat\u00edn, vuelve a colocarse en una posici\u00f3n de especial relevancia dentro del escenario pol\u00edtico de la provincia Independencia.<\/p>\n\n\n\n<p class=\"wp-block-paragraph\">Empresario vinculado durante a\u00f1os a la zona fronteriza y dirigente con presencia pol\u00edtica y comunitaria en la provincia, Socrat\u00edn ya protagoniz\u00f3 una importante batalla interna por la candidatura senatorial del Partido Revolucionario Moderno (PRM) en el proceso correspondiente a las elecciones de 2024.<\/p>\n\n\n\n<p class=\"wp-block-paragraph\">Aquella aspiraci\u00f3n no culmin\u00f3 con su inscripci\u00f3n en la boleta. Finalmente, la candidatura recay\u00f3 sobre el experimentado dirigente Dagoberto Rodr\u00edguez Adames, Dago, quien gan\u00f3 las elecciones y actualmente representa a Independencia en el Senado de la Rep\u00fablica.<\/p>\n\n\n\n<p class=\"wp-block-paragraph\">Sin embargo, Socrat\u00edn nunca desapareci\u00f3 del escenario pol\u00edtico provincial.<\/p>\n\n\n\n<p class=\"wp-block-paragraph\">Por el contrario, su permanencia en el territorio, sus v\u00ednculos empresariales y comunitarios y la estructura pol\u00edtica desarrollada durante aquel proceso constituyen hoy un capital importante ante cualquier nuevo proyecto electoral.<\/p>\n\n\n\n<p class=\"wp-block-paragraph\">Y precisamente ah\u00ed aparece un elemento que pudiera modificar sustancialmente sus perspectivas: su incorporaci\u00f3n al proyecto presidencial de Carolina Mej\u00eda.<\/p>\n\n\n\n<p class=\"wp-block-paragraph\">Una alianza que cambia las dimensiones de su proyecto<\/p>\n\n\n\n<p class=\"wp-block-paragraph\">Hasta ahora, buena parte de la fortaleza pol\u00edtica de S\u00f3crates M\u00e9ndez hab\u00eda sido construida fundamentalmente desde Independencia. Su liderazgo ten\u00eda como principal soporte su presencia provincial, sus relaciones comunitarias y el trabajo desarrollado alrededor de su aspiraci\u00f3n senatorial.<\/p>\n\n\n\n<p class=\"wp-block-paragraph\">Su vinculaci\u00f3n con Carolina Mej\u00eda introduce una dimensi\u00f3n diferente.<\/p>\n\n\n\n<p class=\"wp-block-paragraph\">Carolina ya desarrolla abiertamente sus aspiraciones a obtener la candidatura presidencial del PRM y viene articulando estructuras y respaldos pol\u00edticos en diferentes regiones del pa\u00eds. En ese contexto, la llegada de Socrat\u00edn a ese proyecto le permitir\u00eda conectar su liderazgo provincial con una estructura pol\u00edtica de alcance nacional.<\/p>\n\n\n\n<p class=\"wp-block-paragraph\">Para Socrat\u00edn, esa vinculaci\u00f3n podr\u00eda significar algo m\u00e1s que respaldar una candidatura presidencial.<\/p>\n\n\n\n<p class=\"wp-block-paragraph\">Significa colocarse dentro de uno de los proyectos que competir\u00e1n por definir la pr\u00f3xima generaci\u00f3n de liderazgo del PRM y, consecuentemente, entrar con mayor fortaleza en las futuras discusiones sobre las candidaturas congresuales.<\/p>\n\n\n\n<p class=\"wp-block-paragraph\">Independencia vuelve a entrar en juego<\/p>\n\n\n\n<p class=\"wp-block-paragraph\">La pol\u00edtica tiene tiempos y circunstancias.<\/p>\n\n\n\n<p class=\"wp-block-paragraph\">En 2024 las condiciones favorecieron finalmente la candidatura de Dagoberto Rodr\u00edguez Adames. Dago lleg\u00f3 a aquella competencia con experiencia, estructura y una extensa trayectoria pol\u00edtica que termin\u00f3 llev\u00e1ndolo nuevamente al Senado.<\/p>\n\n\n\n<p class=\"wp-block-paragraph\">Pero cada proceso electoral comienza pr\u00e1cticamente una nueva historia.<\/p>\n\n\n\n<p class=\"wp-block-paragraph\">Para las pr\u00f3ximas elecciones, Socrat\u00edn no necesariamente llegar\u00eda en las mismas circunstancias en las que enfrent\u00f3 el proceso anterior.<\/p>\n\n\n\n<p class=\"wp-block-paragraph\">Llegar\u00eda con la experiencia acumulada de aquella competencia interna, con una estructura provincial que ya fue puesta a prueba y, sobre todo, con la posibilidad de contar con el respaldo de un proyecto presidencial nacional encabezado por una de las figuras de mayor peso dentro del PRM.<\/p>\n\n\n\n<p class=\"wp-block-paragraph\">Eso cambia significativamente la ecuaci\u00f3n.<\/p>\n\n\n\n<p class=\"wp-block-paragraph\">De aspirante provincial a pieza de un proyecto nacional<\/p>\n\n\n\n<p class=\"wp-block-paragraph\">La decisi\u00f3n de S\u00f3crates M\u00e9ndez puede interpretarse tambi\u00e9n como un movimiento de crecimiento pol\u00edtico.<\/p>\n\n\n\n<p class=\"wp-block-paragraph\">En pol\u00edtica, las candidaturas territoriales dif\u00edcilmente pueden analizarse aisladas de las grandes corrientes nacionales de los partidos. Quienes aspiran a posiciones congresuales procuran normalmente construir simult\u00e1neamente legitimidad local y relaciones dentro de las estructuras nacionales.<\/p>\n\n\n\n<p class=\"wp-block-paragraph\">Socrat\u00edn parece avanzar precisamente en esa direcci\u00f3n.<\/p>\n\n\n\n<p class=\"wp-block-paragraph\">Su fortaleza empresarial y pol\u00edtica en Independencia constituye una plataforma propia. La estructura presidencial de Carolina Mej\u00eda podr\u00eda aportarle la conexi\u00f3n nacional que necesitaba para convertir aquella aspiraci\u00f3n de 2024 en una posibilidad mucho m\u00e1s competitiva en el futuro.<\/p>\n\n\n\n<p class=\"wp-block-paragraph\">No significa que la candidatura senatorial est\u00e9 decidida. Todav\u00eda falta un largo trayecto pol\u00edtico, habr\u00e1 otros actores, intereses y circunstancias que necesariamente tendr\u00e1n que ser considerados.<\/p>\n\n\n\n<p class=\"wp-block-paragraph\">Pero una cosa parece evidente: S\u00f3crates M\u00e9ndez Ram\u00edrez comienza este nuevo ciclo pol\u00edtico en condiciones diferentes.<\/p>\n\n\n\n<p class=\"wp-block-paragraph\">Carolina gana un activo en la frontera; Socrat\u00edn gana proyecci\u00f3n nacional<\/p>\n\n\n\n<p class=\"wp-block-paragraph\">La alianza, adem\u00e1s, funciona en ambas direcciones.<\/p>\n\n\n\n<p class=\"wp-block-paragraph\">Carolina Mej\u00eda incorpora a su proyecto un dirigente y empresario con presencia en una provincia estrat\u00e9gica de la frontera dominicana, mientras Socrat\u00edn obtiene la oportunidad de proyectar nacionalmente un liderazgo que hasta ahora ha tenido su principal escenario en Independencia.<\/p>\n\n\n\n<p class=\"wp-block-paragraph\">Es una relaci\u00f3n pol\u00edticamente complementaria.<\/p>\n\n\n\n<p class=\"wp-block-paragraph\">Para Carolina representa organizaci\u00f3n y representaci\u00f3n territorial.<\/p>\n\n\n\n<p class=\"wp-block-paragraph\">Para Socrat\u00edn representa estructura, relaciones nacionales y la posibilidad de participar desde dentro en la construcci\u00f3n de un eventual proyecto presidencial ganador.<\/p>\n\n\n\n<p class=\"wp-block-paragraph\">Por eso, aunque todav\u00eda resulte prematuro hablar de candidaturas definitivas, el movimiento merece atenci\u00f3n.<\/p>\n\n\n\n<p class=\"wp-block-paragraph\">S\u00f3crates M\u00e9ndez Ram\u00edrez ya intent\u00f3 llegar al Senado. No lo consigui\u00f3 en 2024. Pero aquella experiencia, lejos de cerrar su proyecto, pudiera haber sido apenas su primera gran batalla.<\/p>\n\n\n\n<p class=\"wp-block-paragraph\">Ahora, integrado al proyecto presidencial de Carolina Mej\u00eda, Socrat\u00edn comienza a construir una plataforma pol\u00edtica que podr\u00eda convertirlo en uno de los principales aspirantes a la candidatura senatorial del PRM y, eventualmente, en un serio contendiente para convertirse en el pr\u00f3ximo senador de la provincia Independencia.<\/p>\n\n\n\n<p class=\"wp-block-paragraph\">La carrera apenas comienza, pero el tablero ya comenz\u00f3 a moverse.<\/p>\n","protected":false},"excerpt":{"rendered":"<p>La incorporaci\u00f3n del empresario y dirigente pol\u00edtico S\u00f3crates M\u00e9ndez Ram\u00edrez al proyecto presidencial de Carolina Mej\u00eda podr\u00eda cambiar el tablero pol\u00edtico del PRM en la provincia Independencia de cara al pr\u00f3ximo proceso electoral. JIMAN\u00cd, Independencia.\u2014 S\u00f3crates M\u00e9ndez Ram\u00edrez, conocido popular y cari\u00f1osamente como Socrat\u00edn, vuelve a colocarse en una posici\u00f3n de especial relevancia dentro del [&hellip;]<\/p>\n","protected":false},"author":1,"featured_media":2596,"comment_status":"open","ping_status":"open","sticky":false,"template":"","format":"standard","meta":{"footnotes":""},"categories":[32],"tags":[],"class_list":["post-2595","post","type-post","status-publish","format-standard","has-post-thumbnail","category-actualidad"],"_links":{"self":[{"href":"https:\/\/elpueblo.com.do\/api-json\/wp\/v2\/posts\/2595","targetHints":{"allow":["GET"]}}],"collection":[{"href":"https:\/\/elpueblo.com.do\/api-json\/wp\/v2\/posts"}],"about":[{"href":"https:\/\/elpueblo.com.do\/api-json\/wp\/v2\/types\/post"}],"author":[{"embeddable":true,"href":"https:\/\/elpueblo.com.do\/api-json\/wp\/v2\/users\/1"}],"replies":[{"embeddable":true,"href":"https:\/\/elpueblo.com.do\/api-json\/wp\/v2\/comments?post=2595"}],"version-history":[{"count":1,"href":"https:\/\/elpueblo.com.do\/api-json\/wp\/v2\/posts\/2595\/revisions"}],"predecessor-version":[{"id":2597,"href":"https:\/\/elpueblo.com.do\/api-json\/wp\/v2\/posts\/2595\/revisions\/2597"}],"wp:featuredmedia":[{"embeddable":true,"href":"https:\/\/elpueblo.com.do\/api-json\/wp\/v2\/media\/2596"}],"wp:attachment":[{"href":"https:\/\/elpueblo.com.do\/api-json\/wp\/v2\/media?parent=2595"}],"wp:term":[{"taxonomy":"category","embeddable":true,"href":"https:\/\/elpueblo.com.do\/api-json\/wp\/v2\/categories?post=2595"},{"taxonomy":"post_tag","embeddable":true,"href":"https:\/\/elpueblo.com.do\/api-json\/wp\/v2\/tags?post=2595"}],"curies":[{"name":"wp","href":"https:\/\/api.w.org\/{rel}","templated":true}]}}