{"id":2305,"date":"2026-04-26T16:38:15","date_gmt":"2026-04-26T20:38:15","guid":{"rendered":"https:\/\/elpueblo.com.do\/?p=2305"},"modified":"2026-04-26T16:38:16","modified_gmt":"2026-04-26T20:38:16","slug":"carolina-consolida-ruta-ganadora-del-prm-en-santiago-con-juramentacion-de-nuevos-lideres","status":"publish","type":"post","link":"https:\/\/elpueblo.com.do\/actualidad\/carolina-consolida-ruta-ganadora-del-prm-en-santiago-con-juramentacion-de-nuevos-lideres\/2305\/","title":{"rendered":"Carolina consolida ruta ganadora del PRM en Santiago con juramentaci\u00f3n de nuevos l\u00edderes"},"content":{"rendered":"\n<p><em>Santiago Oeste, Santiago<\/em>. \u2013La secretaria general del Partido Revolucionario Moderno (PRM), Carolina Mej\u00eda, continu\u00f3 consolidando la estructura de esa organizaci\u00f3n pol\u00edtica en Santiago, con la juramentci\u00f3n de nuevos l\u00edderes, que se suman a los \u00e9xitos electorales del 2020 y 2024 bajo su gesti\u00f3n en el partido.<\/p>\n\n\n\n<p>\u201cMi compromiso con los compa\u00f1eros es que sientan que somos una sola gran familia, de personas buenas, trabajadoras y que nos queremos y respetamos\u201d, asegur\u00f3 Carolina al hablar ante cientos de perremeistas y dirigentes comunitarios y deportivos que asistieron al techado de La Sat\u00e9lite, donde la secretaria general jurament\u00f3 en el PRM al empresario y dirigente comunitario de Santiago Oeste, Alexander Cuevas.<\/p>\n\n\n\n<p>Durante el evento, Cuevas expres\u00f3 su compromiso de trabajar por el desarrollo y bienestar de Santiago Oeste, destacando la importancia de una gesti\u00f3n municipal cercana a la gente y enfocada en soluciones concretas para la comunidad.<\/p>\n\n\n\n<p>En su recorrido en Santiago Oeste, Carolina visit\u00f3 a varios dirigentes comunitarios de Cienfuegos y escuch\u00f3 sus inquietudes sobre las necesidades de esa demarcaci\u00f3n, como parte de un levantamiento que realiza a nivel nacional.<\/p>\n\n\n\n<p>Bajo la secretar\u00eda general de Carolina, el PRM gan\u00f3 dos veces la presidencia de la Rep\u00fablica y obtuvo gran parte de las curules legislativas y alcald\u00edas del pa\u00eds.<\/p>\n","protected":false},"excerpt":{"rendered":"<p>Santiago Oeste, Santiago. \u2013La secretaria general del Partido Revolucionario Moderno (PRM), Carolina Mej\u00eda, continu\u00f3 consolidando la estructura de esa organizaci\u00f3n pol\u00edtica en Santiago, con la juramentci\u00f3n de nuevos l\u00edderes, que se suman a los \u00e9xitos electorales del 2020 y 2024 bajo su gesti\u00f3n en el partido. \u201cMi compromiso con los compa\u00f1eros es que sientan que [&hellip;]<\/p>\n","protected":false},"author":1,"featured_media":1968,"comment_status":"open","ping_status":"open","sticky":false,"template":"","format":"standard","meta":{"footnotes":""},"categories":[32],"tags":[],"class_list":{"0":"post-2305","1":"post","2":"type-post","3":"status-publish","4":"format-standard","5":"has-post-thumbnail","7":"category-actualidad"},"_links":{"self":[{"href":"https:\/\/elpueblo.com.do\/api-json\/wp\/v2\/posts\/2305","targetHints":{"allow":["GET"]}}],"collection":[{"href":"https:\/\/elpueblo.com.do\/api-json\/wp\/v2\/posts"}],"about":[{"href":"https:\/\/elpueblo.com.do\/api-json\/wp\/v2\/types\/post"}],"author":[{"embeddable":true,"href":"https:\/\/elpueblo.com.do\/api-json\/wp\/v2\/users\/1"}],"replies":[{"embeddable":true,"href":"https:\/\/elpueblo.com.do\/api-json\/wp\/v2\/comments?post=2305"}],"version-history":[{"count":1,"href":"https:\/\/elpueblo.com.do\/api-json\/wp\/v2\/posts\/2305\/revisions"}],"predecessor-version":[{"id":2306,"href":"https:\/\/elpueblo.com.do\/api-json\/wp\/v2\/posts\/2305\/revisions\/2306"}],"wp:featuredmedia":[{"embeddable":true,"href":"https:\/\/elpueblo.com.do\/api-json\/wp\/v2\/media\/1968"}],"wp:attachment":[{"href":"https:\/\/elpueblo.com.do\/api-json\/wp\/v2\/media?parent=2305"}],"wp:term":[{"taxonomy":"category","embeddable":true,"href":"https:\/\/elpueblo.com.do\/api-json\/wp\/v2\/categories?post=2305"},{"taxonomy":"post_tag","embeddable":true,"href":"https:\/\/elpueblo.com.do\/api-json\/wp\/v2\/tags?post=2305"}],"curies":[{"name":"wp","href":"https:\/\/api.w.org\/{rel}","templated":true}]}}