{"id":2301,"date":"2026-04-26T16:17:06","date_gmt":"2026-04-26T20:17:06","guid":{"rendered":"https:\/\/elpueblo.com.do\/?p=2301"},"modified":"2026-04-26T16:17:07","modified_gmt":"2026-04-26T20:17:07","slug":"hector-gaud-y-esencia-naquena-encabeza-las-votaciones-del-club-naco-segun-sondeo-a-boca-de-urnas","status":"publish","type":"post","link":"https:\/\/elpueblo.com.do\/actualidad\/hector-gaud-y-esencia-naquena-encabeza-las-votaciones-del-club-naco-segun-sondeo-a-boca-de-urnas\/2301\/","title":{"rendered":"H\u00e9ctor Gaud y Esencia Naque\u00f1a, encabeza las votaciones del Club Naco, seg\u00fan sondeo a Boca de Urnas"},"content":{"rendered":"\n<p>Este domingo 26 de abril tiene lugar las elecci\u00f3n de la junta directiva del club naco para el periodo 2026-2028 y con ello fluyen muchas espectativas en funci\u00f3n de los resultados.<\/p>\n\n\n\n<p>Seg\u00fan fuentes cercanas al club nos informan que la plancha n\u00famero 2 y su presidente H\u00e9ctor Gaud Esencia Naque\u00f1a encabezan las votaciones con un poco m\u00e1s del 54% frente un poco m\u00e1s de 45% de la plancha n\u00famero 1 su presidente Mario \u00c1lvarez.<\/p>\n\n\n\n<p>Esperando que todo concluya de forma satisfactoria y que la instituci\u00f3n sea un ejemplo ante la familia Clubistica de Rep\u00fablica Dominicana.<\/p>\n","protected":false},"excerpt":{"rendered":"<p>Este domingo 26 de abril tiene lugar las elecci\u00f3n de la junta directiva del club naco para el periodo 2026-2028 y con ello fluyen muchas espectativas en funci\u00f3n de los resultados. Seg\u00fan fuentes cercanas al club nos informan que la plancha n\u00famero 2 y su presidente H\u00e9ctor Gaud Esencia Naque\u00f1a encabezan las votaciones con un [&hellip;]<\/p>\n","protected":false},"author":1,"featured_media":2302,"comment_status":"open","ping_status":"open","sticky":false,"template":"","format":"standard","meta":{"footnotes":""},"categories":[32],"tags":[],"class_list":{"0":"post-2301","1":"post","2":"type-post","3":"status-publish","4":"format-standard","5":"has-post-thumbnail","7":"category-actualidad"},"_links":{"self":[{"href":"https:\/\/elpueblo.com.do\/api-json\/wp\/v2\/posts\/2301","targetHints":{"allow":["GET"]}}],"collection":[{"href":"https:\/\/elpueblo.com.do\/api-json\/wp\/v2\/posts"}],"about":[{"href":"https:\/\/elpueblo.com.do\/api-json\/wp\/v2\/types\/post"}],"author":[{"embeddable":true,"href":"https:\/\/elpueblo.com.do\/api-json\/wp\/v2\/users\/1"}],"replies":[{"embeddable":true,"href":"https:\/\/elpueblo.com.do\/api-json\/wp\/v2\/comments?post=2301"}],"version-history":[{"count":1,"href":"https:\/\/elpueblo.com.do\/api-json\/wp\/v2\/posts\/2301\/revisions"}],"predecessor-version":[{"id":2303,"href":"https:\/\/elpueblo.com.do\/api-json\/wp\/v2\/posts\/2301\/revisions\/2303"}],"wp:featuredmedia":[{"embeddable":true,"href":"https:\/\/elpueblo.com.do\/api-json\/wp\/v2\/media\/2302"}],"wp:attachment":[{"href":"https:\/\/elpueblo.com.do\/api-json\/wp\/v2\/media?parent=2301"}],"wp:term":[{"taxonomy":"category","embeddable":true,"href":"https:\/\/elpueblo.com.do\/api-json\/wp\/v2\/categories?post=2301"},{"taxonomy":"post_tag","embeddable":true,"href":"https:\/\/elpueblo.com.do\/api-json\/wp\/v2\/tags?post=2301"}],"curies":[{"name":"wp","href":"https:\/\/api.w.org\/{rel}","templated":true}]}}