{"id":2268,"date":"2026-03-25T12:52:49","date_gmt":"2026-03-25T16:52:49","guid":{"rendered":"https:\/\/elpueblo.com.do\/?p=2268"},"modified":"2026-03-25T12:52:49","modified_gmt":"2026-03-25T16:52:49","slug":"coopnama-impulsa-internacionalizacion-de-su-programa-de-becas-con-acuerdos-en-america-y-europa","status":"publish","type":"post","link":"https:\/\/elpueblo.com.do\/actualidad\/coopnama-impulsa-internacionalizacion-de-su-programa-de-becas-con-acuerdos-en-america-y-europa\/2268\/","title":{"rendered":"Coopnama impulsa internacionalizaci\u00f3n de su programa de becas con acuerdos en Am\u00e9rica y Europa"},"content":{"rendered":"\n<ul class=\"wp-block-list\">\n<li><em>\u201dEn el marco de su 55 aniversario otorga 425 becas distribuidas en todo el territorio nacional a hijos de socios y colaboradores<\/em><\/li>\n<\/ul>\n\n\n\n<p><em>Santo Domingo.\u2013<\/em> La Cooperativa Nacional de Servicios M\u00faltiples de los Maestros (Coopnama), impulsa la internacionalizaci\u00f3n de su programa de becas mediante acuerdos con universidades de Am\u00e9rica y Europa, como parte de su estrategia de responsabilidad social y en el marco de su 55 aniversario, con el objetivo de ampliar el acceso a formaci\u00f3n acad\u00e9mica y fortalecer la capacitaci\u00f3n de los hijos de sus asociados y colaboradores.<\/p>\n\n\n\n<p>As\u00ed lo explic\u00f3 el presidente del Consejo de Administraci\u00f3n profesor, Santiago Portes Soler este mi\u00e9rcoles durante una entrevista en el matutino A Primera Hora, donde se\u00f1al\u00f3 que \u201cel fortalecimiento del Programa Nacional e Internacional de Becas constituye uno de los pilares del balance social de la entidad, orientado a generar mayores oportunidades educativas para nuestros asociados\u201d.<\/p>\n\n\n\n<p>Asimismo durante su intervenci\u00f3n detall\u00f3 que Coopnama mantiene convenios con instituciones acad\u00e9micas en pa\u00edses como Colombia, Brasil, Espa\u00f1a, Curazao y Puerto Rico, al tiempo que ampl\u00eda el acceso a plataformas digitales que permiten a docentes, colaboradores y sus familiares acceder a formaci\u00f3n continua, incluyendo contenidos sobre desarrollo profesional y salud mental.<\/p>\n\n\n\n<p>\u201cQueremos que nuestros asociados tengan acceso a educaci\u00f3n de calidad sin importar fronteras\u201d, subray\u00f3.<\/p>\n\n\n\n<p>En el contexto de la conmemoraci\u00f3n de su 55 aniversario, revel\u00f3 que la cooperativa puso a disposici\u00f3n 425 becas universitarias distribuidas en las distintas regiones del pa\u00eds, adem\u00e1s de una oferta permanente de cursos cortos en modalidad virtual.<\/p>\n\n\n\n<p>\u201cLos estudiantes con mejor desempe\u00f1o acad\u00e9mico podr\u00e1n optar por universidades de mayor nivel, mientras que otros recibir\u00e1n apoyo econ\u00f3mico parcial para garantizar la continuidad de sus estudios\u201d, explic\u00f3 Portes Soler.<\/p>\n\n\n\n<p>El presidente de Coopnama destac\u00f3 que el programa ha sido flexibilizado para reducir la deserci\u00f3n, mediante un esquema en el que la instituci\u00f3n cubre parte de los costos educativos, as\u00ed como gastos asociados a matr\u00edcula, libros y procesos de graduaci\u00f3n.<\/p>\n\n\n\n<p>\u201cSi un estudiante ya est\u00e1 en la universidad y cumple con los requisitos, Coopnama le paga un porcentaje de los gastos para que no tenga que retirarse\u201d, indic\u00f3.<\/p>\n\n\n\n<p>La internacionalizaci\u00f3n de las becas se inserta en una pol\u00edtica m\u00e1s amplia de responsabilidad social, que incluye acuerdos interinstitucionales en \u00e1reas de salud, financiamiento y bienestar.<\/p>\n\n\n\n<p>\u201cHemos firmado alianzas con entidades m\u00e9dicas, bancos de sangre y fundaciones nacionales e internacionales para fortalecer la cobertura de servicios a nuestros asociados\u201d, afirm\u00f3 Portes Soler.<\/p>\n\n\n\n<p>Entre estas iniciativas, mencion\u00f3 acuerdos con centros de salud y especialistas, como el doctor Cruz Jimini\u00e1n, \u201cpara que adem\u00e1s del SEGMA, los maestros y sus familias tengan otras opciones de atenci\u00f3n m\u00e9dica\u201d.<\/p>\n\n\n\n<p>Asimismo, Coopnama impulsa programas de acceso a primera vivienda, emprendimiento y cr\u00e9dito con tasas preferenciales, como parte de su estrategia para fomentar el desarrollo econ\u00f3mico del sector magisterial.<br>\u201cActualmente, administramos activos que superan los 110 mil millones de pesos, destinados a la creaci\u00f3n de oportunidades y al fortalecimiento del sector\u201d, a\u00f1adi\u00f3.<\/p>\n\n\n\n<p>En materia de gesti\u00f3n, el dirigente atribuy\u00f3 la solidez de la cooperativa al manejo responsable de los recursos, la supervisi\u00f3n interna y la formaci\u00f3n continua en educaci\u00f3n financiera.<\/p>\n\n\n\n<p>\u201cEl cuidado del dinero y la transparencia son fundamentales para consolidar la confianza de nuestros asociados\u201d, dijo.<\/p>\n\n\n\n<p>La organizaci\u00f3n tambi\u00e9n desarrolla programas de ahorro infantil, actividades deportivas y espacios de formaci\u00f3n internacional, con el objetivo de consolidar un modelo cooperativo sostenible y con proyecci\u00f3n global. \u201cQueremos que desde peque\u00f1os, los hijos de nuestros asociados conozcan el cooperativismo y empiecen a ahorrar para su educaci\u00f3n futura, que cuando lleguen a la universidad no tengan un dolor de cabeza los padres\u201d, destac\u00f3.<\/p>\n\n\n\n<p>Con la expansi\u00f3n de su programa de becas m\u00e1s all\u00e1 de las fronteras nacionales, Coopnama busca posicionarse como un referente en la formaci\u00f3n acad\u00e9mica del magisterio dominicano.<\/p>\n\n\n\n<p>\u201cNuestra meta es apostar por una educaci\u00f3n sin l\u00edmites geogr\u00e1ficos, que genere desarrollo y bienestar para nuestros asociados\u201d, concluy\u00f3 Portes Soler.<\/p>\n","protected":false},"excerpt":{"rendered":"<p>Santo Domingo.\u2013 La Cooperativa Nacional de Servicios M\u00faltiples de los Maestros (Coopnama), impulsa la internacionalizaci\u00f3n de su programa de becas mediante acuerdos con universidades de Am\u00e9rica y Europa, como parte de su estrategia de responsabilidad social y en el marco de su 55 aniversario, con el objetivo de ampliar el acceso a formaci\u00f3n acad\u00e9mica y [&hellip;]<\/p>\n","protected":false},"author":1,"featured_media":2269,"comment_status":"open","ping_status":"open","sticky":false,"template":"","format":"standard","meta":{"footnotes":""},"categories":[32],"tags":[],"class_list":{"0":"post-2268","1":"post","2":"type-post","3":"status-publish","4":"format-standard","5":"has-post-thumbnail","7":"category-actualidad"},"_links":{"self":[{"href":"https:\/\/elpueblo.com.do\/api-json\/wp\/v2\/posts\/2268","targetHints":{"allow":["GET"]}}],"collection":[{"href":"https:\/\/elpueblo.com.do\/api-json\/wp\/v2\/posts"}],"about":[{"href":"https:\/\/elpueblo.com.do\/api-json\/wp\/v2\/types\/post"}],"author":[{"embeddable":true,"href":"https:\/\/elpueblo.com.do\/api-json\/wp\/v2\/users\/1"}],"replies":[{"embeddable":true,"href":"https:\/\/elpueblo.com.do\/api-json\/wp\/v2\/comments?post=2268"}],"version-history":[{"count":0,"href":"https:\/\/elpueblo.com.do\/api-json\/wp\/v2\/posts\/2268\/revisions"}],"wp:featuredmedia":[{"embeddable":true,"href":"https:\/\/elpueblo.com.do\/api-json\/wp\/v2\/media\/2269"}],"wp:attachment":[{"href":"https:\/\/elpueblo.com.do\/api-json\/wp\/v2\/media?parent=2268"}],"wp:term":[{"taxonomy":"category","embeddable":true,"href":"https:\/\/elpueblo.com.do\/api-json\/wp\/v2\/categories?post=2268"},{"taxonomy":"post_tag","embeddable":true,"href":"https:\/\/elpueblo.com.do\/api-json\/wp\/v2\/tags?post=2268"}],"curies":[{"name":"wp","href":"https:\/\/api.w.org\/{rel}","templated":true}]}}