{"id":2247,"date":"2026-02-23T09:11:38","date_gmt":"2026-02-23T13:11:38","guid":{"rendered":"https:\/\/elpueblo.com.do\/?p=2247"},"modified":"2026-02-23T09:11:38","modified_gmt":"2026-02-23T13:11:38","slug":"coopnama-da-pasos-de-avance-hacia-la-transformacion-tecnologica-de-los-nuevos-tiempos","status":"publish","type":"post","link":"https:\/\/elpueblo.com.do\/actualidad\/coopnama-da-pasos-de-avance-hacia-la-transformacion-tecnologica-de-los-nuevos-tiempos\/2247\/","title":{"rendered":"COOPNAMA da pasos de avance hacia la transformaci\u00f3n tecnol\u00f3gica de los nuevos tiempos"},"content":{"rendered":"\n<p>La instituci\u00f3n cooperativista celebr\u00f3 su primer evento tecnol\u00f3gico \u201cCOOPNAMA TECH\u201d, catalogado por expertos del \u00e1rea como el proyecto de transformaci\u00f3n digital m\u00e1s trascendente del sector cooperativo.<\/p>\n\n\n\n<p>Santo Domingo.-La Gerencia de Tecnolog\u00edas de la Informaci\u00f3n y Comunicaci\u00f3n (TIC), de la Cooperativa Nacional de Servicios M\u00faltiples de los Maestros, celebr\u00f3 COOPNAMA TECH, primer evento de transformaci\u00f3n tecnol\u00f3gica, orientado a presentar los principales avances, proyectos en ejecuci\u00f3n e iniciativas de modernizaci\u00f3n que fortalecen las infraestructuras, procesos y servicios hacia la digitalizaci\u00f3n total de la instituci\u00f3n.<\/p>\n\n\n\n<p>Este espacio de visi\u00f3n e innovaci\u00f3n digital estuvo presidido por el presidente del Consejo de Administraci\u00f3n, Prof. Santiago Portes, quien ponder\u00f3 el proceso de transformaci\u00f3n que vive COOPNAMA en la actualidad.<\/p>\n\n\n\n<p>\u201cEste proceso que a\u00fan inicia es como si fuera el tr\u00e1iler de la gran historia que venimos contando; por esa sociedad que est\u00e1 ah\u00ed, que nos mira, nos vigila y nos da seguimiento. Seguiremos siendo la cooperativa l\u00edder en transformaci\u00f3n tecnol\u00f3gica\u201d, resalt\u00f3 Portes.<\/p>\n\n\n\n<p>COOPNAMA TECH naci\u00f3 de la visi\u00f3n e innovaci\u00f3n para impulsar proyectos estrat\u00e9gicos del presente y futuro institucional. Este proyecto recae en los hombros del Ing. Alberto Sandoval, gerente de Tecnolog\u00edas de la Informaci\u00f3n y Comunicaci\u00f3n (TIC) de la Cooperativa de los Maestros.<\/p>\n\n\n\n<p>En su intervenci\u00f3n, el especialista en Ciberseguridad apunt\u00f3 que ninguna organizaci\u00f3n de hoy puede lograr el \u00e9xito si no va de la mano de la tecnolog\u00eda. \u201cToda organizaci\u00f3n debe de ir de la mano con la tecnolog\u00eda para viabilizar, eficientizar, monitorear y supervisar en tiempo real la toma de decisiones, y COOPNAMA no es la excepci\u00f3n\u201d, a\u00f1adi\u00f3 Sandoval.<\/p>\n\n\n\n<p>De su lado, el tambi\u00e9n conocedor del proceso de transformaci\u00f3n digital, el Lic. Edgar Carpio, subgerente de Proyectos de la gerencia de TIC, present\u00f3 los nuevos proyectos tecnol\u00f3gicos que colocar\u00e1n a COOPNAMA en la nueva era de la informaci\u00f3n, satisfaciendo la necesidad de cada socio.<\/p>\n\n\n\n<p>Dentro de los nuevos proyectos tecnol\u00f3gicos presentados en este importante evento se encuentran: Sistemas de Gesti\u00f3n Hotelera, el cual permitir\u00e1 a los socios realizar sus reservas en l\u00ednea. La nueva y renovada APP COOPNAMA la cual permitir\u00e1 solicitar servicios, y respuestas personalizadas sobre solicitudes.<\/p>\n\n\n\n<p>Tambi\u00e9n se present\u00f3 la Tienda Virtual, dise\u00f1ada para que los asociados puedan realizar sus compras de las tiendas de COOPNAMA en l\u00ednea.<\/p>\n\n\n\n<p>Adem\u00e1s de COOPNAMA Podcast donde se contar\u00e1 la historia viva de la instituci\u00f3n cooperativista.<\/p>\n\n\n\n<p>La actividad cont\u00f3 con la participaci\u00f3n de representantes de prestigiosas marcas tecnol\u00f3gicas a nivel global, entre ellas: Fortinet, WIPOS, Grey maretter, Fragmento, GBM, SiM papel, GBM, Nutanix, Hik visi\u00f3n, Hp,Veeam, Microsoft, Cybits.<\/p>\n\n\n\n<p>En ese sentido, el representante de Fortinet en nuestro pa\u00eds, Claudio Ram\u00edrez, puntualiz\u00f3 que \u00abCOOPNAMA es un referente de cooperativismo desde el punto de vista de ciberseguridad\u00bb.<\/p>\n\n\n\n<p>Estuvieron presentes diversas personalidades del sector cooperativo, entre ellos: Miguel Polanco, asesor del Poder Ejecutivo en materia de Cooperativismo; Ing. Wellintong Gir\u00f3n, gerente de TIC del IDECOOP; Ing. Deivison Jim\u00e9nez, director ejecutivo del CONACOOP; Ing. EstonFulcar, gerente general de COOPSEGUROS, y representantes de las distintas cooperativas del pa\u00eds.<\/p>\n","protected":false},"excerpt":{"rendered":"<p>La instituci\u00f3n cooperativista celebr\u00f3 su primer evento tecnol\u00f3gico \u201cCOOPNAMA TECH\u201d, catalogado por expertos del \u00e1rea como el proyecto de transformaci\u00f3n digital m\u00e1s trascendente del sector cooperativo. Santo Domingo.-La Gerencia de Tecnolog\u00edas de la Informaci\u00f3n y Comunicaci\u00f3n (TIC), de la Cooperativa Nacional de Servicios M\u00faltiples de los Maestros, celebr\u00f3 COOPNAMA TECH, primer evento de transformaci\u00f3n tecnol\u00f3gica, [&hellip;]<\/p>\n","protected":false},"author":1,"featured_media":2248,"comment_status":"open","ping_status":"open","sticky":false,"template":"","format":"standard","meta":{"footnotes":""},"categories":[32],"tags":[],"class_list":{"0":"post-2247","1":"post","2":"type-post","3":"status-publish","4":"format-standard","5":"has-post-thumbnail","7":"category-actualidad"},"_links":{"self":[{"href":"https:\/\/elpueblo.com.do\/api-json\/wp\/v2\/posts\/2247","targetHints":{"allow":["GET"]}}],"collection":[{"href":"https:\/\/elpueblo.com.do\/api-json\/wp\/v2\/posts"}],"about":[{"href":"https:\/\/elpueblo.com.do\/api-json\/wp\/v2\/types\/post"}],"author":[{"embeddable":true,"href":"https:\/\/elpueblo.com.do\/api-json\/wp\/v2\/users\/1"}],"replies":[{"embeddable":true,"href":"https:\/\/elpueblo.com.do\/api-json\/wp\/v2\/comments?post=2247"}],"version-history":[{"count":0,"href":"https:\/\/elpueblo.com.do\/api-json\/wp\/v2\/posts\/2247\/revisions"}],"wp:featuredmedia":[{"embeddable":true,"href":"https:\/\/elpueblo.com.do\/api-json\/wp\/v2\/media\/2248"}],"wp:attachment":[{"href":"https:\/\/elpueblo.com.do\/api-json\/wp\/v2\/media?parent=2247"}],"wp:term":[{"taxonomy":"category","embeddable":true,"href":"https:\/\/elpueblo.com.do\/api-json\/wp\/v2\/categories?post=2247"},{"taxonomy":"post_tag","embeddable":true,"href":"https:\/\/elpueblo.com.do\/api-json\/wp\/v2\/tags?post=2247"}],"curies":[{"name":"wp","href":"https:\/\/api.w.org\/{rel}","templated":true}]}}