{"id":2241,"date":"2026-02-13T19:34:38","date_gmt":"2026-02-13T23:34:38","guid":{"rendered":"https:\/\/elpueblo.com.do\/?p=2241"},"modified":"2026-02-13T19:34:38","modified_gmt":"2026-02-13T23:34:38","slug":"david-collado-y-la-perdida-acelerada-de-la-percepcion-de-imbatible-de-cara-al-proceso-interno-octubre-2027","status":"publish","type":"post","link":"https:\/\/elpueblo.com.do\/actualidad\/david-collado-y-la-perdida-acelerada-de-la-percepcion-de-imbatible-de-cara-al-proceso-interno-octubre-2027\/2241\/","title":{"rendered":"David Collado y la p\u00e9rdida acelerada de la percepci\u00f3n de imbatible de cara al proceso interno octubre 2027"},"content":{"rendered":"\n<p>Los procesos pol\u00edticos internos son escuelas por las que atraviesan los partidos en funci\u00f3n del posicionamiento de proyectos que han de consolidar la marca y de paso atraer adhesiones en un sentido u otro.<\/p>\n\n\n\n<p>El proceso pol\u00edtico actual es una muestra elocuente de tal planteamiento si nos vamos a observar la realidad del PRM, actual partido de gobierno.<\/p>\n\n\n\n<p>Vemos algunas aspiraciones presidenciales a lo interno que exhiben fortalezas y debilidades. Es el caso de la comparaci\u00f3n estructural dentro de la organizaci\u00f3n donde la inmensa mayor\u00eda de los conocedores de la pol\u00edtica local. Reconocen la fortaleza que tiene Carolina Mej\u00eda frente a los dem\u00e1s competidores de su organizaci\u00f3n.<\/p>\n\n\n\n<p>De otro lado podemos ver c\u00f3mo David Collado, fundamentado en una descomunal inversi\u00f3n de posicionamiento medi\u00e1tico ha logrado mostrar una fortaleza interna que no se sostiene en el m\u00e1s m\u00ednimo an\u00e1lisis de las estructuras partidarias.<\/p>\n\n\n\n<p>Esta inversi\u00f3n econ\u00f3mica que durante cerca de 15 a\u00f1os, es casi imposible cuantificar. Ha podido proyectar un liderazgo superficial que nunca ha conocido \u00abcrisis\u00bb. Porque ning\u00fan medio que por tanto tiempo tenga un cliente a esos niveles, quisiera molestarlo no siquiera con una mirada.<\/p>\n\n\n\n<p>Los \u00faltimos d\u00edas muestran un cambio dr\u00e1stico de la estrategia de comunicaci\u00f3n del act\u00faal ministro de turismo y su equipo. Es com\u00fan ver una necesidad de hacer saber con qu\u00e9 cuentan y andan apresurados mostrando apoyos que en la mayor\u00eda de los casos, responden a un equipo que se opuso a venir al PRM en sus inicios porque ten\u00edan simpat\u00edas con el actual presidente del PRD. Esa gente que dentro del PRM ha hecho poco esfuerzo estructural, pero, que si maneja posiciones y recursos para reforzar la estrategia de percepci\u00f3n.<\/p>\n\n\n\n<p>Al parecer los n\u00fameros internos dentro del PRM han despertado ansiedad en el equipo del ministro de la vitrina y los tiene muy apurados mostrando apoyos que pierden de forma acelerada en las mediciones internas. Sumado a esparcir rumores que no habr\u00e1 <em>Convenci\u00f3n<\/em><\/p>\n\n\n\n<p>Parece que las fuerzas internas del PRM tienen decisi\u00f3n y no se est\u00e1n dejando mover por n\u00fameros propios de un laboratorio de est\u00e9tica.<\/p>\n\n\n\n<p>Parece que la base perremeista aprecio la lecci\u00f3n y quiere representaci\u00f3n genuina que trasciende los anuncios y fanfarrias hasta llegar a impartir el coraz\u00f3n con actitudes m\u00e1s all\u00e1 de la raz\u00f3n.<\/p>\n\n\n\n<p>Octubre 2027 ser\u00e1 la fecha donde los perremeistas estampan con su decisi\u00f3n interna, la visi\u00f3n del respeto al trabajo pol\u00edtico en lugar de la ruta de los aplausos superficiales que solo emocionan y no resuelven.<\/p>\n","protected":false},"excerpt":{"rendered":"<p>Los procesos pol\u00edticos internos son escuelas por las que atraviesan los partidos en funci\u00f3n del posicionamiento de proyectos que han de consolidar la marca y de paso atraer adhesiones en un sentido u otro. El proceso pol\u00edtico actual es una muestra elocuente de tal planteamiento si nos vamos a observar la realidad del PRM, actual [&hellip;]<\/p>\n","protected":false},"author":1,"featured_media":2242,"comment_status":"open","ping_status":"open","sticky":false,"template":"","format":"standard","meta":{"footnotes":""},"categories":[32],"tags":[],"class_list":{"0":"post-2241","1":"post","2":"type-post","3":"status-publish","4":"format-standard","5":"has-post-thumbnail","7":"category-actualidad"},"_links":{"self":[{"href":"https:\/\/elpueblo.com.do\/api-json\/wp\/v2\/posts\/2241","targetHints":{"allow":["GET"]}}],"collection":[{"href":"https:\/\/elpueblo.com.do\/api-json\/wp\/v2\/posts"}],"about":[{"href":"https:\/\/elpueblo.com.do\/api-json\/wp\/v2\/types\/post"}],"author":[{"embeddable":true,"href":"https:\/\/elpueblo.com.do\/api-json\/wp\/v2\/users\/1"}],"replies":[{"embeddable":true,"href":"https:\/\/elpueblo.com.do\/api-json\/wp\/v2\/comments?post=2241"}],"version-history":[{"count":0,"href":"https:\/\/elpueblo.com.do\/api-json\/wp\/v2\/posts\/2241\/revisions"}],"wp:featuredmedia":[{"embeddable":true,"href":"https:\/\/elpueblo.com.do\/api-json\/wp\/v2\/media\/2242"}],"wp:attachment":[{"href":"https:\/\/elpueblo.com.do\/api-json\/wp\/v2\/media?parent=2241"}],"wp:term":[{"taxonomy":"category","embeddable":true,"href":"https:\/\/elpueblo.com.do\/api-json\/wp\/v2\/categories?post=2241"},{"taxonomy":"post_tag","embeddable":true,"href":"https:\/\/elpueblo.com.do\/api-json\/wp\/v2\/tags?post=2241"}],"curies":[{"name":"wp","href":"https:\/\/api.w.org\/{rel}","templated":true}]}}