{"id":2239,"date":"2026-02-09T12:25:29","date_gmt":"2026-02-09T16:25:29","guid":{"rendered":"https:\/\/elpueblo.com.do\/?p=2239"},"modified":"2026-02-09T12:25:30","modified_gmt":"2026-02-09T16:25:30","slug":"ayuntamiento-de-las-matas-de-farfan-declara-huesped-distinguido-al-presidente-de-coopnama","status":"publish","type":"post","link":"https:\/\/elpueblo.com.do\/actualidad\/ayuntamiento-de-las-matas-de-farfan-declara-huesped-distinguido-al-presidente-de-coopnama\/2239\/","title":{"rendered":"Ayuntamiento de Las Matas de Farf\u00e1n declara \u201cHu\u00e9sped Distinguido\u201d al presidente de COOPNAMA"},"content":{"rendered":"\n<p><em>Mediante la proclamaci\u00f3n tambi\u00e9n se reconoci\u00f3 al gerente de Educaci\u00f3n, Prof. Ubaldo Le\u00f3n; haciendo \u00e9nfasis en la formaci\u00f3n y destacando sus labores en el sector cooperativo.<\/em><\/p>\n\n\n\n<p>Las Matas de Farf\u00e1n, San Juan de la Maguana, RD &#8211; El presidente del Consejo de Administraci\u00f3n de la Cooperativa de Servicios M\u00faltiples de los Maestros (COOPNAMA), profesor Santiago Portes y el gerente de Educaci\u00f3n, Ubaldo Le\u00f3n Aybar, fueron reconocidos como Hu\u00e9sped Distinguidos por el Ayuntamiento Municipal de Las Matas de Farf\u00e1n, mediante la resoluci\u00f3n No. 05-2026.<\/p>\n\n\n\n<p>El reconocimiento destaca el liderazgo de los profesores en sus trayectorias como educadores y l\u00edderes cooperativistas, adem\u00e1s de sus valiosos aportes al fortalecimiento del movimiento cooperativo y al desarrollo social, econ\u00f3mico y educativo del magisterio dominicano.<\/p>\n\n\n\n<p>Para la proclama se tom\u00f3 en cuenta la amplia trayectoria acad\u00e9mica y administrativa, de los homenajeados, quienes se caracterizan por su compromiso \u00e9tico y vocaci\u00f3n de servicio, contribuyendo de manera significativa al crecimiento institucional del cooperativismo.<\/p>\n\n\n\n<p>Ambos profesionales del magisterio y dirigentes cooperativistas, agradecieron y expresaron su satisfacci\u00f3n al alcalde del Ayuntamiento se\u00f1or Gustavo Adolfo Suero, y a Pedro Martin Pineda S\u00e1nchez, presidente de la Sala Capitular, por tan importante distinci\u00f3n.<\/p>\n\n\n\n<p>Estas resoluciones fueron entregadas por los regidores Rosa Jim\u00e9nez, Jhoanny Mad\u00e9 y Melvin Ortiz, del Concejo de Regidores.<\/p>\n\n\n\n<p>La entrega de este reconocimiento se llev\u00f3 a cabo durante el desarrollo del \u201cSegundo Encuentro Nacional de Dirigentes Distritales\u201d, una jornada educativa de la Cooperativa de Servicios M\u00faltiples de los Maestros, donde los dirigentes son capacitados sobre cooperativismo, historia, principios, valores y sus roles.<\/p>\n\n\n\n<p>En la actividad estuvieron presentes Nelson Sterling Jim\u00e9nez, Jos\u00e9 A. Hern\u00e1ndez, Rafael de los Santos, Jorge Ogando, Santo Romero, N\u00e9stor Ram\u00edrez. Adem\u00e1s de autoridades del cooperativismo y de la instituci\u00f3n.<\/p>\n\n\n\n<p><\/p>\n","protected":false},"excerpt":{"rendered":"<p>Mediante la proclamaci\u00f3n tambi\u00e9n se reconoci\u00f3 al gerente de Educaci\u00f3n, Prof. Ubaldo Le\u00f3n; haciendo \u00e9nfasis en la formaci\u00f3n y destacando sus labores en el sector cooperativo. Las Matas de Farf\u00e1n, San Juan de la Maguana, RD &#8211; El presidente del Consejo de Administraci\u00f3n de la Cooperativa de Servicios M\u00faltiples de los Maestros (COOPNAMA), profesor Santiago [&hellip;]<\/p>\n","protected":false},"author":1,"featured_media":2195,"comment_status":"open","ping_status":"open","sticky":false,"template":"","format":"standard","meta":{"footnotes":""},"categories":[32],"tags":[],"class_list":{"0":"post-2239","1":"post","2":"type-post","3":"status-publish","4":"format-standard","5":"has-post-thumbnail","7":"category-actualidad"},"_links":{"self":[{"href":"https:\/\/elpueblo.com.do\/api-json\/wp\/v2\/posts\/2239","targetHints":{"allow":["GET"]}}],"collection":[{"href":"https:\/\/elpueblo.com.do\/api-json\/wp\/v2\/posts"}],"about":[{"href":"https:\/\/elpueblo.com.do\/api-json\/wp\/v2\/types\/post"}],"author":[{"embeddable":true,"href":"https:\/\/elpueblo.com.do\/api-json\/wp\/v2\/users\/1"}],"replies":[{"embeddable":true,"href":"https:\/\/elpueblo.com.do\/api-json\/wp\/v2\/comments?post=2239"}],"version-history":[{"count":0,"href":"https:\/\/elpueblo.com.do\/api-json\/wp\/v2\/posts\/2239\/revisions"}],"wp:featuredmedia":[{"embeddable":true,"href":"https:\/\/elpueblo.com.do\/api-json\/wp\/v2\/media\/2195"}],"wp:attachment":[{"href":"https:\/\/elpueblo.com.do\/api-json\/wp\/v2\/media?parent=2239"}],"wp:term":[{"taxonomy":"category","embeddable":true,"href":"https:\/\/elpueblo.com.do\/api-json\/wp\/v2\/categories?post=2239"},{"taxonomy":"post_tag","embeddable":true,"href":"https:\/\/elpueblo.com.do\/api-json\/wp\/v2\/tags?post=2239"}],"curies":[{"name":"wp","href":"https:\/\/api.w.org\/{rel}","templated":true}]}}