{"id":2235,"date":"2026-02-06T15:47:30","date_gmt":"2026-02-06T19:47:30","guid":{"rendered":"https:\/\/elpueblo.com.do\/?p=2235"},"modified":"2026-02-06T15:47:30","modified_gmt":"2026-02-06T19:47:30","slug":"dirigentes-del-prm-esperan-que-socratin-mendez-sea-su-presidente-provincial","status":"publish","type":"post","link":"https:\/\/elpueblo.com.do\/actualidad\/dirigentes-del-prm-esperan-que-socratin-mendez-sea-su-presidente-provincial\/2235\/","title":{"rendered":"Dirigentes del PRM, esperan que Socratin M\u00e9ndez sea su presidente provincial"},"content":{"rendered":"\n<p>En la lejana y trabajadora provincia Independencia se calienta la pista de cara al proceso de renovaci\u00f3n interna en la direcci\u00f3n del Partido Revolucionario Moderno.<\/p>\n\n\n\n<p>Trascendi\u00f3 que dado el estado de frustraci\u00f3n generado en la provincia por el abandono de las autoridades locales a los dirigentes, militantes y simpatizantes de cada territorio provincial. Un grupo importante de cuadros perremeistas se propone que el empresario y dirigente pol\u00edtico M\u00e1ximo S\u00f3crates M\u00e9ndez (Socratin) represente la provincia como presidente de la organizaci\u00f3n pol\u00edtica oficialista.<\/p>\n\n\n\n<p>Para los dirigentes, resulta un hecho esperanzador la posible presencia de Socratin en la direcci\u00f3n del partido y que con ello trae nuevos aires al conglomerado pol\u00edtico del partido de gobierno.<\/p>\n\n\n\n<p>Aunque no se ha hecho p\u00fablico y el mismo S\u00f3crates M\u00e9ndez no ha presentado aspiraci\u00f3n, se recuerda el gran liderazgo que mantiene el empresario en las bases y la dirigencia media a nivel de toda la regi\u00f3n Enriquillo.<\/p>\n\n\n\n<p>En las pr\u00f3ximas horas se espera que S\u00f3crates M\u00e9ndez confirme o descarte la versi\u00f3n que nos llegan de fuentes altamente confiables de la provincia Independencia.<\/p>\n","protected":false},"excerpt":{"rendered":"<p>En la lejana y trabajadora provincia Independencia se calienta la pista de cara al proceso de renovaci\u00f3n interna en la direcci\u00f3n del Partido Revolucionario Moderno. Trascendi\u00f3 que dado el estado de frustraci\u00f3n generado en la provincia por el abandono de las autoridades locales a los dirigentes, militantes y simpatizantes de cada territorio provincial. Un grupo [&hellip;]<\/p>\n","protected":false},"author":1,"featured_media":2236,"comment_status":"open","ping_status":"open","sticky":false,"template":"","format":"standard","meta":{"footnotes":""},"categories":[32],"tags":[],"class_list":{"0":"post-2235","1":"post","2":"type-post","3":"status-publish","4":"format-standard","5":"has-post-thumbnail","7":"category-actualidad"},"_links":{"self":[{"href":"https:\/\/elpueblo.com.do\/api-json\/wp\/v2\/posts\/2235","targetHints":{"allow":["GET"]}}],"collection":[{"href":"https:\/\/elpueblo.com.do\/api-json\/wp\/v2\/posts"}],"about":[{"href":"https:\/\/elpueblo.com.do\/api-json\/wp\/v2\/types\/post"}],"author":[{"embeddable":true,"href":"https:\/\/elpueblo.com.do\/api-json\/wp\/v2\/users\/1"}],"replies":[{"embeddable":true,"href":"https:\/\/elpueblo.com.do\/api-json\/wp\/v2\/comments?post=2235"}],"version-history":[{"count":0,"href":"https:\/\/elpueblo.com.do\/api-json\/wp\/v2\/posts\/2235\/revisions"}],"wp:featuredmedia":[{"embeddable":true,"href":"https:\/\/elpueblo.com.do\/api-json\/wp\/v2\/media\/2236"}],"wp:attachment":[{"href":"https:\/\/elpueblo.com.do\/api-json\/wp\/v2\/media?parent=2235"}],"wp:term":[{"taxonomy":"category","embeddable":true,"href":"https:\/\/elpueblo.com.do\/api-json\/wp\/v2\/categories?post=2235"},{"taxonomy":"post_tag","embeddable":true,"href":"https:\/\/elpueblo.com.do\/api-json\/wp\/v2\/tags?post=2235"}],"curies":[{"name":"wp","href":"https:\/\/api.w.org\/{rel}","templated":true}]}}