{"id":2232,"date":"2026-01-22T12:11:21","date_gmt":"2026-01-22T16:11:21","guid":{"rendered":"https:\/\/elpueblo.com.do\/?p=2232"},"modified":"2026-01-22T12:11:21","modified_gmt":"2026-01-22T16:11:21","slug":"el-plan-de-desarrollo-estrategico-peravia-2025-2055-enlista-las-metas-y-objetivos-de-comunidad","status":"publish","type":"post","link":"https:\/\/elpueblo.com.do\/actualidad\/el-plan-de-desarrollo-estrategico-peravia-2025-2055-enlista-las-metas-y-objetivos-de-comunidad\/2232\/","title":{"rendered":"El Plan de Desarrollo Estrat\u00e9gico Peravia 2025-2055 enlista las metas y objetivos de comunidad"},"content":{"rendered":"\n<p>Para elaborarlo, la oficina senatorial de Peravia convoc\u00f3 a los organismos productivos, las alcald\u00edas, los partidos, los profesionales y las academias para acordar los temas<br>Servicio de prensa<\/p>\n\n\n\n<p>SANTO DOMINGO. Para llegar al Plan Estrat\u00e9gico de Desarrollo Sostenible Peravia 2025-2055, sus promotores debieron desarrollar un proceso de consultas de 17 meses en todos los municipios, distritos municipales, peravianos residentes en Santo Domingo y en Estados Unidos, lograr la participaci\u00f3n de la C\u00e1mara de Comercio y Producci\u00f3n de Peravia, evang\u00e9licos, Iglesia Cat\u00f3lica, Gobernaci\u00f3n Civil, los diputados, comerciantes, transportistas y partidos pol\u00edticos.<\/p>\n\n\n\n<p>La Oficina Senatorial de Peravia dijo que se debi\u00f3 hacer un recorrido exhaustivo por los distintos municipios y distritos municipales de la provincia Peravia, bajo la orientaci\u00f3n y coordinaci\u00f3n de un \u201cComit\u00e9 Gestor\u201d, a fin de investigar, analizar, proponer e implantar soluciones a problemas sociales, territoriales, culturales y econ\u00f3micos.<br>El plan ser\u00e1 presentado este s\u00e1bado 24 de enero a las tres de la tarde en el Polideportivo de Ban\u00ed, en un acto programado para que participen los sectores sociales de la comunidad, sus autoridades, los medios de comunicaci\u00f3n locales y nacionales.<\/p>\n\n\n\n<p>\u201cEl Plan define una visi\u00f3n prospectiva ambiciosa, innovadora y esperanzadora, orientada a convertir la Provincia Peravia en \u2018un modelo de desarrollo sostenible, donde el crecimiento econ\u00f3mico, la inclusi\u00f3n social, la educaci\u00f3n, la innovaci\u00f3n y la protecci\u00f3n ambiental se integran para garantizar calidad de vida y bienestar a toda su gente\u201d dice una declaraci\u00f3n de la Oficina.<\/p>\n\n\n\n<p>Los ejes del Plan son: Gobernabilidad y gobernanza, bienestar e inclusi\u00f3n social, econom\u00eda productiva y empleo, uso de suelo, ordenamiento territorial y gesti\u00f3n ambiental. Para procurar un desarrollo equilibrado del territorio, la protecci\u00f3n de los ecosistemas y gobernanza democr\u00e1tica y la participaci\u00f3n ciudadana, entre otros.<br>Este proceso de consultas se inici\u00f3 en los municipios de Ban\u00ed, Nizao y Matanzas, y continu\u00f3 por los distritos municipales Paya, Villa Fundaci\u00f3n, Santana, Villa Sombrero, Catalina, El Carret\u00f3n, El Limonal, Sabana Buey, Las Bar\u00edas, Pizarrete y otras comunidades rurales y urbanas.<br>Adem\u00e1s, incluy\u00f3 encuentros con los peravianos residentes en el gran Santo Domingo, bajo la efectiva coordinaci\u00f3n del grupo social Alianza Banileja, New York, New Jersey y Massachusetts, bajo la rector\u00eda de Nizao Di\u00e1spora Internacional y Banilejos Unidos en el Exterior, sectores magisterial, salud, agropecuaria, comerciantes, l\u00edderes comunitarios, transportistas, entre otros.<\/p>\n\n\n\n<p>Detalla la explicaci\u00f3n de que en cada territorio se realizaron encuentros consultivos, talleres participativos, mesas sectoriales y di\u00e1logos comunitarios, en los que representantes de ayuntamientos, juntas distritales, iglesias, asociaciones de productores, cooperativas, organizaciones juveniles y de mujeres, gremios profesionales, centros educativos, universidades, empresarios, comerciantes y l\u00edderes comunitarios aportaron ideas y propuestas que hoy conforman el coraz\u00f3n del plan.<\/p>\n\n\n\n<p>Pie de foto:<br>El senador Julito Fulcar Encarnaci\u00f3n, cuya oficina impulso el Plan Estrat\u00e9gico de Desarrollo Sostenible Peravia 2025-2055.<\/p>\n","protected":false},"excerpt":{"rendered":"<p>Para elaborarlo, la oficina senatorial de Peravia convoc\u00f3 a los organismos productivos, las alcald\u00edas, los partidos, los profesionales y las academias para acordar los temasServicio de prensa SANTO DOMINGO. Para llegar al Plan Estrat\u00e9gico de Desarrollo Sostenible Peravia 2025-2055, sus promotores debieron desarrollar un proceso de consultas de 17 meses en todos los municipios, distritos [&hellip;]<\/p>\n","protected":false},"author":1,"featured_media":2233,"comment_status":"open","ping_status":"open","sticky":false,"template":"","format":"standard","meta":{"footnotes":""},"categories":[32],"tags":[],"class_list":{"0":"post-2232","1":"post","2":"type-post","3":"status-publish","4":"format-standard","5":"has-post-thumbnail","7":"category-actualidad"},"_links":{"self":[{"href":"https:\/\/elpueblo.com.do\/api-json\/wp\/v2\/posts\/2232","targetHints":{"allow":["GET"]}}],"collection":[{"href":"https:\/\/elpueblo.com.do\/api-json\/wp\/v2\/posts"}],"about":[{"href":"https:\/\/elpueblo.com.do\/api-json\/wp\/v2\/types\/post"}],"author":[{"embeddable":true,"href":"https:\/\/elpueblo.com.do\/api-json\/wp\/v2\/users\/1"}],"replies":[{"embeddable":true,"href":"https:\/\/elpueblo.com.do\/api-json\/wp\/v2\/comments?post=2232"}],"version-history":[{"count":0,"href":"https:\/\/elpueblo.com.do\/api-json\/wp\/v2\/posts\/2232\/revisions"}],"wp:featuredmedia":[{"embeddable":true,"href":"https:\/\/elpueblo.com.do\/api-json\/wp\/v2\/media\/2233"}],"wp:attachment":[{"href":"https:\/\/elpueblo.com.do\/api-json\/wp\/v2\/media?parent=2232"}],"wp:term":[{"taxonomy":"category","embeddable":true,"href":"https:\/\/elpueblo.com.do\/api-json\/wp\/v2\/categories?post=2232"},{"taxonomy":"post_tag","embeddable":true,"href":"https:\/\/elpueblo.com.do\/api-json\/wp\/v2\/tags?post=2232"}],"curies":[{"name":"wp","href":"https:\/\/api.w.org\/{rel}","templated":true}]}}