{"id":2224,"date":"2025-12-23T10:51:44","date_gmt":"2025-12-23T14:51:44","guid":{"rendered":"https:\/\/elpueblo.com.do\/?p=2224"},"modified":"2025-12-23T10:51:44","modified_gmt":"2025-12-23T14:51:44","slug":"ministerio-de-obras-publicas-inicia-programa-de-asfaltado-en-comunidades-de-la-provincia-peravia","status":"publish","type":"post","link":"https:\/\/elpueblo.com.do\/actualidad\/ministerio-de-obras-publicas-inicia-programa-de-asfaltado-en-comunidades-de-la-provincia-peravia\/2224\/","title":{"rendered":"Ministerio de Obras P\u00fablicas Inicia programa de asfaltado en comunidades de la provincia Peravia"},"content":{"rendered":"\n<p>Dichos operativos de asfaltado fueron solicitados a Eduardo Estrella por el Senador Julito Fulcar y la gobernadora Yadira B\u00e1ez<\/p>\n\n\n\n<p>Peravia. \u2013 Tras una consulta realizada con el senador Julito Fulcar y la gobernadora provincial \u00c1ngela Yadira B\u00e1ez, ambas autoridades informaron que, como resultado de una reuni\u00f3n sostenida con el ministro de Obras P\u00fablicas y Comunicaciones, Eduardo Estrella, fue acordada la primera etapa del plan de asfaltado en distintas comunidades de la provincia Peravia.<\/p>\n\n\n\n<p>Este plan constituye el inicio formal de los trabajos de asfaltado en la provincia tras asumir Eduardo Estrella como ministro de Obras P\u00fablicas y Comunicaciones, impactando positivamente a m\u00e1s de una decena de sectores y contemplando un total de 31.75 kil\u00f3metros de v\u00edas.<\/p>\n\n\n\n<p>De acuerdo con el levantamiento realizado, esta primera etapa de asfaltado abarca las comunidades Villa G\u00fcera, Residencial El Laurel, Villa Real I, II y III, res. Don Luis, La Monteria, Los Pinos, Gualey, Pizarrete-Las Barias, entre otros.<\/p>\n\n\n\n<p>Actualmente, los trabajos ya se est\u00e1n ejecutando en la comunidad Las Tablas, mientras que en Gale\u00f3n las calles se encuentran debidamente preparadas para iniciar el asfaltado en los pr\u00f3ximos d\u00edas.<\/p>\n\n\n\n<p>Comunitarios de las zonas beneficiadas destacaron la importancia de estas obras, se\u00f1alando que el asfaltado representa una mejora significativa en la movilidad, la seguridad vial y la calidad de vida de sus familias, al tiempo que agradecieron al senador Julito Fulcar, a la gobernadora \u00c1ngela Yadira B\u00e1ez, al ministro Eduardo Estrella y al presidente Luis Abinader, por atender una demanda largamente esperada.<\/p>\n\n\n\n<p>Al informar sobre estas labores, las autoridades afirmaron continuar\u00e1n gestionando y dando seguimiento a las obras de infraestructura vial, garantizando que este plan de asfaltado se ejecute de manera organizada y progresiva en toda la provincia Peravia.<\/p>\n","protected":false},"excerpt":{"rendered":"<p>Dichos operativos de asfaltado fueron solicitados a Eduardo Estrella por el Senador Julito Fulcar y la gobernadora Yadira B\u00e1ez Peravia. \u2013 Tras una consulta realizada con el senador Julito Fulcar y la gobernadora provincial \u00c1ngela Yadira B\u00e1ez, ambas autoridades informaron que, como resultado de una reuni\u00f3n sostenida con el ministro de Obras P\u00fablicas y Comunicaciones, [&hellip;]<\/p>\n","protected":false},"author":1,"featured_media":2225,"comment_status":"open","ping_status":"open","sticky":false,"template":"","format":"standard","meta":{"footnotes":""},"categories":[32],"tags":[],"class_list":{"0":"post-2224","1":"post","2":"type-post","3":"status-publish","4":"format-standard","5":"has-post-thumbnail","7":"category-actualidad"},"_links":{"self":[{"href":"https:\/\/elpueblo.com.do\/api-json\/wp\/v2\/posts\/2224","targetHints":{"allow":["GET"]}}],"collection":[{"href":"https:\/\/elpueblo.com.do\/api-json\/wp\/v2\/posts"}],"about":[{"href":"https:\/\/elpueblo.com.do\/api-json\/wp\/v2\/types\/post"}],"author":[{"embeddable":true,"href":"https:\/\/elpueblo.com.do\/api-json\/wp\/v2\/users\/1"}],"replies":[{"embeddable":true,"href":"https:\/\/elpueblo.com.do\/api-json\/wp\/v2\/comments?post=2224"}],"version-history":[{"count":0,"href":"https:\/\/elpueblo.com.do\/api-json\/wp\/v2\/posts\/2224\/revisions"}],"wp:featuredmedia":[{"embeddable":true,"href":"https:\/\/elpueblo.com.do\/api-json\/wp\/v2\/media\/2225"}],"wp:attachment":[{"href":"https:\/\/elpueblo.com.do\/api-json\/wp\/v2\/media?parent=2224"}],"wp:term":[{"taxonomy":"category","embeddable":true,"href":"https:\/\/elpueblo.com.do\/api-json\/wp\/v2\/categories?post=2224"},{"taxonomy":"post_tag","embeddable":true,"href":"https:\/\/elpueblo.com.do\/api-json\/wp\/v2\/tags?post=2224"}],"curies":[{"name":"wp","href":"https:\/\/api.w.org\/{rel}","templated":true}]}}