{"id":2221,"date":"2025-12-22T15:04:34","date_gmt":"2025-12-22T19:04:34","guid":{"rendered":"https:\/\/elpueblo.com.do\/?p=2221"},"modified":"2025-12-22T15:04:35","modified_gmt":"2025-12-22T19:04:35","slug":"coopnama-firma-convenio-con-universidad-de-colombia","status":"publish","type":"post","link":"https:\/\/elpueblo.com.do\/actualidad\/coopnama-firma-convenio-con-universidad-de-colombia\/2221\/","title":{"rendered":"COOPNAMA FIRMA CONVENIO CON UNIVERSIDAD DE COLOMBIA"},"content":{"rendered":"\n<p>\u201cCon esta firma nuestra instituci\u00f3n da un paso firme hacia el fortalecimiento del cooperativismo, la educaci\u00f3n y el desarrollo sostenible\u201d, afirm\u00f3 Santiago Portes.<\/p>\n\n\n\n<p>La Cooperativa Nacional de Servicios M\u00faltiples de los Maestros (COOPNAMA) firm\u00f3 un acuerdo interinstitucional con la Universidad Cooperativa de Colombia (UCC), y de esta manera integrarla al Programa Nacional de Becas.<\/p>\n\n\n\n<p>El profesor Santiago Portes, presidente del Consejo de Administraci\u00f3n, destac\u00f3 que este acuerdo abre las puertas al desarrollo, crecimiento acad\u00e9mico y a una valiosa proyecci\u00f3n internacional.<\/p>\n\n\n\n<p>Explic\u00f3 que adem\u00e1s de otorgar becas nacionales a los hijos de socios y socias, la tecnolog\u00eda tendr\u00e1 un rol preponderante con el uso de modalidades virtuales de becas internacionales, sostuvo que as\u00ed se enciende una importante chispa para que otras cooperativas se motiven a continuar con esta gran iniciativa.<\/p>\n\n\n\n<p>\u201cHoy con este acuerdo COOPNAMA llega m\u00e1s lejos\u201d, agreg\u00f3.<\/p>\n\n\n\n<p>De su lado la rectora de la Universidad Cooperativa de Colombia (UCC), Maritza Rond\u00f3n Rangel, manifest\u00f3 que la educaci\u00f3n y la familia son los motores que transforman una sociedad y hoy estamos construyendo uno de ellos.<\/p>\n\n\n\n<p>Puntualiz\u00f3 que para la UCC es un honor poner a disposici\u00f3n de la COOPNAMA, todas las estrategias y programas que importe esta alta casa de estudio, en beneficio de los asociados.<\/p>\n\n\n\n<p>\u201cTodos los procesos se construyen y lo mejor es construirlos en alianzas\u201d, expres\u00f3 Rond\u00f3n.<\/p>\n\n\n\n<p>Acompa\u00f1aron al presidente de la Cooperativa de Maestros, los profesores Octavio Brem\u00f3n, vicepresidente del Consejo de Administraci\u00f3n; Lucas Figueroa Lapay, Gerente General; Felicia Contreras, secretaria del Consejo; Zoila Flor Mateo, tesorera del Consejo de Administraci\u00f3n; Jos\u00e9 Fabio Dur\u00e1n, presidente del Comit\u00e9 de Cr\u00e9dito, Juan Antonio Calder\u00f3n en representaci\u00f3n del Comit\u00e9 de Vigilancia Adem\u00e1s de gerentes, directores, subdirectores, encargados y subencargados de la instituci\u00f3n.<\/p>\n\n\n\n<p>Mientras que por la Universidad Cooperativa de Colombia estuvieron, Mar\u00eda Consuelo Moreno Orrego, vicerectora General y encargada de Tics y Victoria Eugenia Santamar\u00eda,<br>Jefe de Proyecci\u00f3n Institucional.<\/p>\n","protected":false},"excerpt":{"rendered":"<p>\u201cCon esta firma nuestra instituci\u00f3n da un paso firme hacia el fortalecimiento del cooperativismo, la educaci\u00f3n y el desarrollo sostenible\u201d, afirm\u00f3 Santiago Portes. La Cooperativa Nacional de Servicios M\u00faltiples de los Maestros (COOPNAMA) firm\u00f3 un acuerdo interinstitucional con la Universidad Cooperativa de Colombia (UCC), y de esta manera integrarla al Programa Nacional de Becas. El [&hellip;]<\/p>\n","protected":false},"author":1,"featured_media":2222,"comment_status":"open","ping_status":"open","sticky":false,"template":"","format":"standard","meta":{"footnotes":""},"categories":[32],"tags":[],"class_list":{"0":"post-2221","1":"post","2":"type-post","3":"status-publish","4":"format-standard","5":"has-post-thumbnail","7":"category-actualidad"},"_links":{"self":[{"href":"https:\/\/elpueblo.com.do\/api-json\/wp\/v2\/posts\/2221","targetHints":{"allow":["GET"]}}],"collection":[{"href":"https:\/\/elpueblo.com.do\/api-json\/wp\/v2\/posts"}],"about":[{"href":"https:\/\/elpueblo.com.do\/api-json\/wp\/v2\/types\/post"}],"author":[{"embeddable":true,"href":"https:\/\/elpueblo.com.do\/api-json\/wp\/v2\/users\/1"}],"replies":[{"embeddable":true,"href":"https:\/\/elpueblo.com.do\/api-json\/wp\/v2\/comments?post=2221"}],"version-history":[{"count":0,"href":"https:\/\/elpueblo.com.do\/api-json\/wp\/v2\/posts\/2221\/revisions"}],"wp:featuredmedia":[{"embeddable":true,"href":"https:\/\/elpueblo.com.do\/api-json\/wp\/v2\/media\/2222"}],"wp:attachment":[{"href":"https:\/\/elpueblo.com.do\/api-json\/wp\/v2\/media?parent=2221"}],"wp:term":[{"taxonomy":"category","embeddable":true,"href":"https:\/\/elpueblo.com.do\/api-json\/wp\/v2\/categories?post=2221"},{"taxonomy":"post_tag","embeddable":true,"href":"https:\/\/elpueblo.com.do\/api-json\/wp\/v2\/tags?post=2221"}],"curies":[{"name":"wp","href":"https:\/\/api.w.org\/{rel}","templated":true}]}}