{"id":2219,"date":"2025-12-15T12:52:00","date_gmt":"2025-12-15T16:52:00","guid":{"rendered":"https:\/\/elpueblo.com.do\/?p=2219"},"modified":"2025-12-15T12:52:02","modified_gmt":"2025-12-15T16:52:02","slug":"la-inauguracion-de-la-carretera-el-cercado-juan-santiago-hondo-valle","status":"publish","type":"post","link":"https:\/\/elpueblo.com.do\/actualidad\/la-inauguracion-de-la-carretera-el-cercado-juan-santiago-hondo-valle\/2219\/","title":{"rendered":"La inauguraci\u00f3n de la carretera El Cercado\u2013Juan Santiago&#8217;-Hondo Valle"},"content":{"rendered":"\n<p>Est\u00e1 inauguraci\u00f3n encabezada por el presidente de la Rep\u00fablica, Luis Abinader, junto al ministro de Obras P\u00fablicas, Eduardo Estrella, marca un punto de inflexi\u00f3n para la vida de Hondo Valle, Juan Santiago y, en buena medida, de El Cercado.<\/p>\n\n\n\n<p>No se trata solo de una v\u00eda: es conexi\u00f3n, dignidad, oportunidades y futuro para una regi\u00f3n hist\u00f3ricamente postergada.<\/p>\n\n\n\n<p>Recuerdo, como si fuera hoy aquel d\u00eda de 2014 cuando, en camino hacia Hondo Valle, le habl\u00e9 al entonces precandidato presidencial Luis Abinader sobre la importancia estrat\u00e9gica de esta obra para el desarrollo social y econ\u00f3mico de la zona. Volv\u00ed a record\u00e1rselo en la Navidad de 2020, tras ganar las elecciones. Hoy, al verla hecha realidad, me embarga una profunda alegr\u00eda.<\/p>\n\n\n\n<p>Esta carretera, junto a la reconstrucci\u00f3n de calles y accesos en Juan Santiago, El Cercado y Hondo Valle, impacta directamente a miles de familias, mejora la movilidad, fortalece el acceso a servicios esenciales y abre nuevas posibilidades para el progreso local.<\/p>\n\n\n\n<p>Que esta obra sea tambi\u00e9n una invitaci\u00f3n a pensar y actuar en clave del desarrollo regional, a la articulaci\u00f3n de esfuerzos p\u00fablicos y privados, a impulsar la producci\u00f3n, el empleo, la educaci\u00f3n y el emprendimiento local.<\/p>\n\n\n\n<p>El futuro no se espera: se construye en el presente, con visi\u00f3n, perseverancia y compromiso con la gente.<\/p>\n\n\n\n<p>As\u00ed se honra a las comunidades:<br>conect\u00e1ndolas, dignific\u00e1ndolas y apostando por su porvenir.<\/p>\n\n\n\n<h1 class=\"wp-block-heading\">LiderazgoTrascendente<\/h1>\n\n\n\n<h1 class=\"wp-block-heading\">ConstruirFuturoHoy<\/h1>\n\n\n\n<h1 class=\"wp-block-heading\">RobertoFulcar<\/h1>\n","protected":false},"excerpt":{"rendered":"<p>Est\u00e1 inauguraci\u00f3n encabezada por el presidente de la Rep\u00fablica, Luis Abinader, junto al ministro de Obras P\u00fablicas, Eduardo Estrella, marca un punto de inflexi\u00f3n para la vida de Hondo Valle, Juan Santiago y, en buena medida, de El Cercado. No se trata solo de una v\u00eda: es conexi\u00f3n, dignidad, oportunidades y futuro para una regi\u00f3n [&hellip;]<\/p>\n","protected":false},"author":1,"featured_media":1880,"comment_status":"open","ping_status":"open","sticky":false,"template":"","format":"standard","meta":{"footnotes":""},"categories":[32],"tags":[],"class_list":{"0":"post-2219","1":"post","2":"type-post","3":"status-publish","4":"format-standard","5":"has-post-thumbnail","7":"category-actualidad"},"_links":{"self":[{"href":"https:\/\/elpueblo.com.do\/api-json\/wp\/v2\/posts\/2219","targetHints":{"allow":["GET"]}}],"collection":[{"href":"https:\/\/elpueblo.com.do\/api-json\/wp\/v2\/posts"}],"about":[{"href":"https:\/\/elpueblo.com.do\/api-json\/wp\/v2\/types\/post"}],"author":[{"embeddable":true,"href":"https:\/\/elpueblo.com.do\/api-json\/wp\/v2\/users\/1"}],"replies":[{"embeddable":true,"href":"https:\/\/elpueblo.com.do\/api-json\/wp\/v2\/comments?post=2219"}],"version-history":[{"count":0,"href":"https:\/\/elpueblo.com.do\/api-json\/wp\/v2\/posts\/2219\/revisions"}],"wp:featuredmedia":[{"embeddable":true,"href":"https:\/\/elpueblo.com.do\/api-json\/wp\/v2\/media\/1880"}],"wp:attachment":[{"href":"https:\/\/elpueblo.com.do\/api-json\/wp\/v2\/media?parent=2219"}],"wp:term":[{"taxonomy":"category","embeddable":true,"href":"https:\/\/elpueblo.com.do\/api-json\/wp\/v2\/categories?post=2219"},{"taxonomy":"post_tag","embeddable":true,"href":"https:\/\/elpueblo.com.do\/api-json\/wp\/v2\/tags?post=2219"}],"curies":[{"name":"wp","href":"https:\/\/api.w.org\/{rel}","templated":true}]}}