{"id":2217,"date":"2025-12-14T23:52:06","date_gmt":"2025-12-15T03:52:06","guid":{"rendered":"https:\/\/elpueblo.com.do\/?p=2217"},"modified":"2025-12-14T23:52:06","modified_gmt":"2025-12-15T03:52:06","slug":"procesar-funcionarios-el-gran-ejemplo-del-gobierno-de-luis-abinader-y-el-prm","status":"publish","type":"post","link":"https:\/\/elpueblo.com.do\/actualidad\/procesar-funcionarios-el-gran-ejemplo-del-gobierno-de-luis-abinader-y-el-prm\/2217\/","title":{"rendered":"Procesar Funcionarios, El Gran Ejemplo del Gobierno de Luis Abinader y el PRM"},"content":{"rendered":"\n<p>La administraci\u00f3n p\u00fablica, es pieza fundamental para el desarrollo de los pueblos. Por tanto es imprescindible que quienes tienen el honor de ser actores de primer nivel en la tarea de gerenciar y manejar procesos y fondos p\u00fablicos. Hagan todo lo posible de mantener disciplina y cuidado en el manejo de los mismos.<\/p>\n\n\n\n<p>En Rep\u00fablica Dominicana durante la historia hemos tenido muchos funcionarios de diferentes niveles y capacidades. Estos han podido demostrar a trav\u00e9s de sus gestiones. La transparencia, cuidado y rectitud con que han cumplido sus responsabilidades.<\/p>\n\n\n\n<p>En el transcurrir del tiempo y en las diferentes administraciones, muchos ejemplos positivos y otros de amarga experiencia. Ejemplos estos que han marcado con p\u00e1ginas negras la administraci\u00f3n p\u00fablica.<\/p>\n\n\n\n<p>Desde la dictadura del tirano Rafael Le\u00f3nidas Trujillo, pasando por las administraciones del Dr. Balaguer, sin dejar de mencionar los a\u00f1os del PRD y por supuesto los gobiernos peledeistas. Con muy raras excepciones, el pa\u00eds pudo ver un presidente someter y procesar a la justicia, funcionarios de su administraci\u00f3n en cuyas gestiones, la sociedad se sinti\u00f3 defraudada por la pulcritud en el manejo de los recursos puestos bajo su custodia.<\/p>\n\n\n\n<p>Justo es reconocer que Luis Abinader ha sido claro, preciso y coherente al momento de actuar en funci\u00f3n de cualquier eventualidad que pueda marcar negativamente la gesti\u00f3n de algunos de sus funcionarios. Es justo recordar que desde el caso de la Loter\u00eda que involucr\u00f3 a Su director de entonces, quien adem\u00e1s guard\u00f3 prisi\u00f3n hasta la sentencia de un juez y cumplir con la ley. Hasta cada caso presentado ante la sociedad, ha sido objeto de un trato responsable desde el poder ejecutivo y d\u00f3nde a nadie se le ha tratado con privilegios.<\/p>\n\n\n\n<p>El caso SENASA que vincula funcionarios y empresarios, es el \u00faltimo ejemplo del compromiso del presidente Abinader y el PRM con la necesidad de una administraci\u00f3n apegada a la ley, la transparencia y los par\u00e1metros de la \u00e9tica.<\/p>\n\n\n\n<p>Con Luis Abinader y el Partido Revolucionario Moderno el pa\u00eds vive una etapa de gobierno que no protege amigos y relacionados. M\u00e1s bien apoya la justicia en la b\u00fasqueda de resarcir cualquier da\u00f1o a la sociedad y sus instituciones.<\/p>\n","protected":false},"excerpt":{"rendered":"<p>La administraci\u00f3n p\u00fablica, es pieza fundamental para el desarrollo de los pueblos. Por tanto es imprescindible que quienes tienen el honor de ser actores de primer nivel en la tarea de gerenciar y manejar procesos y fondos p\u00fablicos. Hagan todo lo posible de mantener disciplina y cuidado en el manejo de los mismos. En Rep\u00fablica [&hellip;]<\/p>\n","protected":false},"author":1,"featured_media":1577,"comment_status":"open","ping_status":"open","sticky":false,"template":"","format":"standard","meta":{"footnotes":""},"categories":[32],"tags":[],"class_list":{"0":"post-2217","1":"post","2":"type-post","3":"status-publish","4":"format-standard","5":"has-post-thumbnail","7":"category-actualidad"},"_links":{"self":[{"href":"https:\/\/elpueblo.com.do\/api-json\/wp\/v2\/posts\/2217","targetHints":{"allow":["GET"]}}],"collection":[{"href":"https:\/\/elpueblo.com.do\/api-json\/wp\/v2\/posts"}],"about":[{"href":"https:\/\/elpueblo.com.do\/api-json\/wp\/v2\/types\/post"}],"author":[{"embeddable":true,"href":"https:\/\/elpueblo.com.do\/api-json\/wp\/v2\/users\/1"}],"replies":[{"embeddable":true,"href":"https:\/\/elpueblo.com.do\/api-json\/wp\/v2\/comments?post=2217"}],"version-history":[{"count":0,"href":"https:\/\/elpueblo.com.do\/api-json\/wp\/v2\/posts\/2217\/revisions"}],"wp:featuredmedia":[{"embeddable":true,"href":"https:\/\/elpueblo.com.do\/api-json\/wp\/v2\/media\/1577"}],"wp:attachment":[{"href":"https:\/\/elpueblo.com.do\/api-json\/wp\/v2\/media?parent=2217"}],"wp:term":[{"taxonomy":"category","embeddable":true,"href":"https:\/\/elpueblo.com.do\/api-json\/wp\/v2\/categories?post=2217"},{"taxonomy":"post_tag","embeddable":true,"href":"https:\/\/elpueblo.com.do\/api-json\/wp\/v2\/tags?post=2217"}],"curies":[{"name":"wp","href":"https:\/\/api.w.org\/{rel}","templated":true}]}}