{"id":2214,"date":"2025-12-11T10:08:33","date_gmt":"2025-12-11T14:08:33","guid":{"rendered":"https:\/\/elpueblo.com.do\/?p=2214"},"modified":"2025-12-11T10:08:33","modified_gmt":"2025-12-11T14:08:33","slug":"senador-julito-fulcar-presenta-y-entrega-ley-que-declara-a-peravia-como-provincia-ecoturistica","status":"publish","type":"post","link":"https:\/\/elpueblo.com.do\/actualidad\/senador-julito-fulcar-presenta-y-entrega-ley-que-declara-a-peravia-como-provincia-ecoturistica\/2214\/","title":{"rendered":"Senador Julito Fulcar presenta y entrega Ley que declara a Peravia como Provincia Ecotur\u00edstica"},"content":{"rendered":"\n<p>Ban\u00ed, Peravia. \u2013 En un acto realizado la ma\u00f1ana de este mi\u00e9rcoles, el senador Julito Fulcar present\u00f3 y entreg\u00f3 oficialmente la Ley n\u00fam. 27-25, que declara a Peravia como Provincia Ecotur\u00edstica. La misma crea el Consejo de Desarrollo Ecotur\u00edstico y el Fondo Provincial de Desarrollo Tur\u00edstico.<\/p>\n\n\n\n<p>Las palabras de bienvenida fueron ofrecidas por la gobernadora provincial, \u00c1ngela Yadira B\u00e1ez, quien destac\u00f3 la importancia de este paso para el posicionamiento de Peravia como referente de turismo sostenible en el pa\u00eds.<\/p>\n\n\n\n<p>Durante la actividad, Fulcar destac\u00f3 que esta nueva legislaci\u00f3n marca un hito hist\u00f3rico para el desarrollo sostenible de la provincia, al establecer un marco legal que garantiza la conservaci\u00f3n de los recursos naturales, promueve el turismo responsable y fortalece las oportunidades econ\u00f3micas y sociales para las comunidades peravianas.<\/p>\n\n\n\n<p>El legislador subray\u00f3 que Peravia posee un ecosistema de extraordinario valor, con paisajes \u00fanicos como el monumento natural Las Dunas, las monta\u00f1as del Manaclar, Las Salinas, la Bah\u00eda de Ocoa, playas emblem\u00e1ticas y un amplio patrimonio hist\u00f3rico y cultural.<br>\u201cEsta ley reconoce formalmente lo que Peravia representa: un tesoro natural y cultural con potencial para convertirse en referente nacional e internacional del ecoturismo\u201d, expres\u00f3.<\/p>\n\n\n\n<p>La Ley 27-25 tambi\u00e9n establece la creaci\u00f3n del Consejo de Desarrollo Ecotur\u00edstico de la provincia Peravia, \u00f3rgano rector que coordinar\u00e1, regular\u00e1 y estimular\u00e1 los proyectos ecotur\u00edsticos en los municipios de Ban\u00ed y Nizao. Asimismo, instituye el Fondo Provincial de Desarrollo Ecotur\u00edstico, con recursos destinados a impulsar iniciativas sostenibles, apoyar a emprendedores locales y promover la participaci\u00f3n comunitaria en la gesti\u00f3n de los recursos naturales.<\/p>\n\n\n\n<p>La pieza legislativa fue recibida por Juan Carlos Guzm\u00e1n, presidente de la C\u00e1mara de Comercio y Producci\u00f3n de Peravia, y por Juan Tejeda, presidente del Cl\u00faster Tur\u00edstico y Productivo de Ban\u00ed, quienes valoraron el impacto positivo que esta ley tendr\u00e1 sobre el clima de inversi\u00f3n, el turismo y el desarrollo empresarial de la provincia.<\/p>\n\n\n\n<p>El senador agradeci\u00f3 el respaldo recibido en el Congreso Nacional y asegur\u00f3 que esta legislaci\u00f3n ser\u00e1 un instrumento clave para impulsar el crecimiento ordenado, la preservaci\u00f3n ambiental y el bienestar de las familias de la provincia.<br>\u201cHoy damos un paso firme hacia un futuro en el que Peravia pueda desarrollarse sin comprometer sus riquezas naturales, integrando a las comunidades y generando nuevas oportunidades de empleo y desarrollo\u201d, afirm\u00f3.<\/p>\n\n\n\n<p>La presentaci\u00f3n concluy\u00f3 con la entrega formal del documento legal, promulgado por el presidente Luis Abinader, y que entr\u00f3 en vigencia tras su publicaci\u00f3n en la Gaceta Oficial.<\/p>\n","protected":false},"excerpt":{"rendered":"<p>Ban\u00ed, Peravia. \u2013 En un acto realizado la ma\u00f1ana de este mi\u00e9rcoles, el senador Julito Fulcar present\u00f3 y entreg\u00f3 oficialmente la Ley n\u00fam. 27-25, que declara a Peravia como Provincia Ecotur\u00edstica. La misma crea el Consejo de Desarrollo Ecotur\u00edstico y el Fondo Provincial de Desarrollo Tur\u00edstico. Las palabras de bienvenida fueron ofrecidas por la gobernadora [&hellip;]<\/p>\n","protected":false},"author":1,"featured_media":2180,"comment_status":"open","ping_status":"open","sticky":false,"template":"","format":"standard","meta":{"footnotes":""},"categories":[32],"tags":[],"class_list":{"0":"post-2214","1":"post","2":"type-post","3":"status-publish","4":"format-standard","5":"has-post-thumbnail","7":"category-actualidad"},"_links":{"self":[{"href":"https:\/\/elpueblo.com.do\/api-json\/wp\/v2\/posts\/2214","targetHints":{"allow":["GET"]}}],"collection":[{"href":"https:\/\/elpueblo.com.do\/api-json\/wp\/v2\/posts"}],"about":[{"href":"https:\/\/elpueblo.com.do\/api-json\/wp\/v2\/types\/post"}],"author":[{"embeddable":true,"href":"https:\/\/elpueblo.com.do\/api-json\/wp\/v2\/users\/1"}],"replies":[{"embeddable":true,"href":"https:\/\/elpueblo.com.do\/api-json\/wp\/v2\/comments?post=2214"}],"version-history":[{"count":0,"href":"https:\/\/elpueblo.com.do\/api-json\/wp\/v2\/posts\/2214\/revisions"}],"wp:featuredmedia":[{"embeddable":true,"href":"https:\/\/elpueblo.com.do\/api-json\/wp\/v2\/media\/2180"}],"wp:attachment":[{"href":"https:\/\/elpueblo.com.do\/api-json\/wp\/v2\/media?parent=2214"}],"wp:term":[{"taxonomy":"category","embeddable":true,"href":"https:\/\/elpueblo.com.do\/api-json\/wp\/v2\/categories?post=2214"},{"taxonomy":"post_tag","embeddable":true,"href":"https:\/\/elpueblo.com.do\/api-json\/wp\/v2\/tags?post=2214"}],"curies":[{"name":"wp","href":"https:\/\/api.w.org\/{rel}","templated":true}]}}