{"id":2199,"date":"2025-11-19T10:48:10","date_gmt":"2025-11-19T14:48:10","guid":{"rendered":"https:\/\/elpueblo.com.do\/?p=2199"},"modified":"2025-11-19T10:48:11","modified_gmt":"2025-11-19T14:48:11","slug":"avanza-el-equipo-carolina-mejia-en-monte-plata-con-la-llegada-del-lider-olegario-ortega","status":"publish","type":"post","link":"https:\/\/elpueblo.com.do\/actualidad\/avanza-el-equipo-carolina-mejia-en-monte-plata-con-la-llegada-del-lider-olegario-ortega\/2199\/","title":{"rendered":"Avanza el equipo Carolina Mej\u00eda en Monte Plata, con la llegada del l\u00edder Olegario Ortega"},"content":{"rendered":"\n<p>En una visita y en ambiente de confianza y cercan\u00eda, el experimentado dirigente pol\u00edtico de la provincia Monte Plata, Lic Olegario Ortega. Tom\u00f3 la decisi\u00f3n de asumir formalmente la coordinaci\u00f3n pol\u00edtica de Carolina Mejia provincial.<\/p>\n\n\n\n<p>El veterano pol\u00edtico de trayectoria di\u00e1fana en la sociedad de Monte Plata decidi\u00f3 asumir el compromiso y de inmediato presentar credenciales de su esfuerzo en favor de las comunidades de una provincia trabajadora y dedicada.<\/p>\n\n\n\n<p>Para el dirigente Ortega representa otro gran reto y una gran oportunidad para su carrera. Promete seguir afianzando la estructura C 28 en el \u00faltimo rinc\u00f3n de la localidad.\u00bbTrabajaremos de la mano con la direcci\u00f3n provincial y regional para lograr un triunfo hist\u00f3rico en octubre 2027 y seguir construyendo la historia con la primera mujer presidente de Rep\u00fablica Dominicana. Recalc\u00f3 adem\u00e1s, que todos los aspirantes son buenos, pero, Carolina Mejia es La Mejor.<\/p>\n","protected":false},"excerpt":{"rendered":"<p>En una visita y en ambiente de confianza y cercan\u00eda, el experimentado dirigente pol\u00edtico de la provincia Monte Plata, Lic Olegario Ortega. Tom\u00f3 la decisi\u00f3n de asumir formalmente la coordinaci\u00f3n pol\u00edtica de Carolina Mejia provincial. El veterano pol\u00edtico de trayectoria di\u00e1fana en la sociedad de Monte Plata decidi\u00f3 asumir el compromiso y de inmediato presentar [&hellip;]<\/p>\n","protected":false},"author":1,"featured_media":2200,"comment_status":"open","ping_status":"open","sticky":false,"template":"","format":"standard","meta":{"footnotes":""},"categories":[32],"tags":[],"class_list":{"0":"post-2199","1":"post","2":"type-post","3":"status-publish","4":"format-standard","5":"has-post-thumbnail","7":"category-actualidad"},"_links":{"self":[{"href":"https:\/\/elpueblo.com.do\/api-json\/wp\/v2\/posts\/2199","targetHints":{"allow":["GET"]}}],"collection":[{"href":"https:\/\/elpueblo.com.do\/api-json\/wp\/v2\/posts"}],"about":[{"href":"https:\/\/elpueblo.com.do\/api-json\/wp\/v2\/types\/post"}],"author":[{"embeddable":true,"href":"https:\/\/elpueblo.com.do\/api-json\/wp\/v2\/users\/1"}],"replies":[{"embeddable":true,"href":"https:\/\/elpueblo.com.do\/api-json\/wp\/v2\/comments?post=2199"}],"version-history":[{"count":0,"href":"https:\/\/elpueblo.com.do\/api-json\/wp\/v2\/posts\/2199\/revisions"}],"wp:featuredmedia":[{"embeddable":true,"href":"https:\/\/elpueblo.com.do\/api-json\/wp\/v2\/media\/2200"}],"wp:attachment":[{"href":"https:\/\/elpueblo.com.do\/api-json\/wp\/v2\/media?parent=2199"}],"wp:term":[{"taxonomy":"category","embeddable":true,"href":"https:\/\/elpueblo.com.do\/api-json\/wp\/v2\/categories?post=2199"},{"taxonomy":"post_tag","embeddable":true,"href":"https:\/\/elpueblo.com.do\/api-json\/wp\/v2\/tags?post=2199"}],"curies":[{"name":"wp","href":"https:\/\/api.w.org\/{rel}","templated":true}]}}