{"id":2194,"date":"2025-11-11T15:02:15","date_gmt":"2025-11-11T19:02:15","guid":{"rendered":"https:\/\/elpueblo.com.do\/?p=2194"},"modified":"2025-11-11T15:02:16","modified_gmt":"2025-11-11T19:02:16","slug":"coopnama-inicia-evaluaciones-para-el-programa-nacional-de-becas","status":"publish","type":"post","link":"https:\/\/elpueblo.com.do\/actualidad\/coopnama-inicia-evaluaciones-para-el-programa-nacional-de-becas\/2194\/","title":{"rendered":"COOPNAMA inicia evaluaciones para el Programa Nacional de Becas"},"content":{"rendered":"\n<p><em>Decenas de j\u00f3venes hijos de los asociados de la cooperativa participan en las pruebas establecidas para optar por una beca total para cursar la carrera de su preferencia en una de las 20 universidades con las que se tiene acuerdo.<\/em><\/p>\n\n\n\n<p>San Pedro de Macor\u00eds. &#8211; El presidente del Consejo de Administraci\u00f3n de la Cooperativa Nacional de Servicios M\u00faltiples de los Maestros (COOPNAMA), Prof. Santiago Portes, encabez\u00f3 el acto de inicio de las evaluaciones que se realizan a los j\u00f3venes hijos de los asociados de la instituci\u00f3n con miras a ser beneficiados por el Programa Nacional de Becas.<\/p>\n\n\n\n<p>El profesor Portes inform\u00f3 que el importante programa tiene un nuevo reglamento que ha sido fortalecido con la inclusi\u00f3n de universidades internacionales.<\/p>\n\n\n\n<p>\u201cEste programa se ha convertido en el programa estrella, s\u00faper especial, que permite que nuestros j\u00f3venes, hijos de los socios de nuestra cooperativa reciban una beca para estudiar cualquier carrera y en una de las universidades con las que mantenemos acuerdos y pr\u00f3ximamente tambi\u00e9n a nivel internacional, permiti\u00e9ndole cumplir sus sue\u00f1os sin ning\u00fan costo, por eso soy reiterativo en que el mismo debemos de cuidarlo como la ni\u00f1a de nuestros ojos\u201d, dijo.<\/p>\n\n\n\n<p>El dirigente cooperativista comunic\u00f3 que la gerencia de Gesti\u00f3n Acad\u00e9mica imparte las evaluaciones en las 17 regionales a nivel nacional. \u201cEste es el momento para encaminar el pa\u00eds, decirles que conf\u00eden en este programa y en su cooperativa que jam\u00e1s les abandonar\u00e1, expres\u00f3.<\/p>\n\n\n\n<p>El consejero Bruno Ortiz, suplente de la regi\u00f3n Este, mientras ofrec\u00eda la bienvenida por inicio de las evaluaciones, indic\u00f3 que cada a\u00f1o, por motivo del aniversario la cooperativa cumple con su labor social y sus asociados entregando m\u00e1s de 300 becas a nivel nacional.<\/p>\n\n\n\n<p>Mientras, el gerente de Gesti\u00f3n Acad\u00e9mica, Prof. Manuel Eduardo Romero al ofrecer las orientaciones del programa, explic\u00f3 que estas evaluaciones van destinadas a hijos e hijas de los asociados aspirantes, quienes podr\u00e1n cursar sus carreras universitarias completamente cubiertas por\u202fla\u202finstituci\u00f3n.<\/p>\n\n\n\n<p>Las jornadas de evaluaciones del periodo 2025 contin\u00faan el martes 11 en la regi\u00f3n Sur; mientras que los aspirantes de la regi\u00f3n Suroeste se evaluar\u00e1n el mi\u00e9rcoles 12.<\/p>\n\n\n\n<p>En tanto que las regiones Norte II, Noroeste, Norte I, Nornordeste se examinar\u00e1n los d\u00edas martes 18, mi\u00e9rcoles 19 y jueves 20 de noviembre, respectivamente. Las regiones Nordeste III y Nordeste I, se evaluar\u00e1n los d\u00edas mi\u00e9rcoles 26 y jueves 27 de noviembre, correspondientemente.<\/p>\n\n\n\n<p>Los aspirantes que conforman las regiones Santo Domingo I y II, se evaluar\u00e1n el martes 2 de diciembre, Santo Domingo III y IV tomar\u00e1n las pruebas el jueves 4 del mismo mes.<\/p>\n\n\n\n<p>Asimismo, los de las regiones Santo Domingo V y VI recibir\u00e1n sus evaluaciones los d\u00edas martes 9 y mi\u00e9rcoles 10 del mes de diciembre, respectivamente. En el caso de las regiones Sureste y Nordeste II, los j\u00f3venes ser\u00e1n evaluados el jueves 11 de diciembre concluyendo con el calendario.<\/p>\n\n\n\n<p><em>Sobre el Programa Nacional de Becas<\/em><\/p>\n\n\n\n<p>Desde su inicio en el a\u00f1o 2008, el Programa Nacional de Becas ha invertido m\u00e1s de 3 mil 45 millones de pesos, otorgando 4 mil 411 becas universitarias. Con un total de 2,013 j\u00f3venes profesionales que se han graduado en distintas carreras, hijos e hijas de maestros, maestras y del personal administrativo del sistema educativo nacional.<\/p>\n\n\n\n<p>El Programa Nacional de Becas de la Cooperativa de Nacional de los Maestros (COOPNAMA), tiene alianzas estrat\u00e9gicas con m\u00e1s de 20 universidades de todo el pa\u00eds. Y se perfila a su vez como un programa internacional, debido a los acuerdos que ha venido realizando la instituci\u00f3n con las diferentes casas de estudios de varios pa\u00edses.<\/p>\n\n\n\n<p>Los centros universitarios donde podr\u00e1n cursar sus carreras los bachilleres becados son: Universidad Aut\u00f3noma de Santo Domingo (UASD); Tecnol\u00f3gica de Santiago (UTESA); Cat\u00f3lica de Santo Domingo (UCSD); Central del Este (UCE); Nacional Pedro Henr\u00edquez Ure\u00f1a (UNPHU); Dominicana O &amp; M; Cat\u00f3lica Nordestana (UCNE) y Cat\u00f3lica Tecnol\u00f3gica del Cibao (UCATECI).<\/p>\n\n\n\n<p>Adem\u00e1s, la Universidad ISA; Nacional Evang\u00e9lica (UNEV); Adventista Dominicana (UNAD); Odontol\u00f3gica Dominicana (UOD); Cat\u00f3lica Tecnol\u00f3gica de Barahona (UCATEBA); Cat\u00f3lica del Cibao Oriental (UTECO). Tambi\u00e9n Pontificia Universidad Cat\u00f3lica Madre y Maestra (PUCMM); Universidad el Caribe (UNICARIBE); Abierta para Adultos (UAPA); los Institutos Loyola; Tecnol\u00f3gico de Santo Domingo (INTEC) y Tecnol\u00f3gico de Las Am\u00e9ricas (ITLA).<\/p>\n","protected":false},"excerpt":{"rendered":"<p>Decenas de j\u00f3venes hijos de los asociados de la cooperativa participan en las pruebas establecidas para optar por una beca total para cursar la carrera de su preferencia en una de las 20 universidades con las que se tiene acuerdo. San Pedro de Macor\u00eds. &#8211; El presidente del Consejo de Administraci\u00f3n de la Cooperativa Nacional [&hellip;]<\/p>\n","protected":false},"author":1,"featured_media":2195,"comment_status":"open","ping_status":"open","sticky":false,"template":"","format":"standard","meta":{"footnotes":""},"categories":[32],"tags":[],"class_list":{"0":"post-2194","1":"post","2":"type-post","3":"status-publish","4":"format-standard","5":"has-post-thumbnail","7":"category-actualidad"},"_links":{"self":[{"href":"https:\/\/elpueblo.com.do\/api-json\/wp\/v2\/posts\/2194","targetHints":{"allow":["GET"]}}],"collection":[{"href":"https:\/\/elpueblo.com.do\/api-json\/wp\/v2\/posts"}],"about":[{"href":"https:\/\/elpueblo.com.do\/api-json\/wp\/v2\/types\/post"}],"author":[{"embeddable":true,"href":"https:\/\/elpueblo.com.do\/api-json\/wp\/v2\/users\/1"}],"replies":[{"embeddable":true,"href":"https:\/\/elpueblo.com.do\/api-json\/wp\/v2\/comments?post=2194"}],"version-history":[{"count":0,"href":"https:\/\/elpueblo.com.do\/api-json\/wp\/v2\/posts\/2194\/revisions"}],"wp:featuredmedia":[{"embeddable":true,"href":"https:\/\/elpueblo.com.do\/api-json\/wp\/v2\/media\/2195"}],"wp:attachment":[{"href":"https:\/\/elpueblo.com.do\/api-json\/wp\/v2\/media?parent=2194"}],"wp:term":[{"taxonomy":"category","embeddable":true,"href":"https:\/\/elpueblo.com.do\/api-json\/wp\/v2\/categories?post=2194"},{"taxonomy":"post_tag","embeddable":true,"href":"https:\/\/elpueblo.com.do\/api-json\/wp\/v2\/tags?post=2194"}],"curies":[{"name":"wp","href":"https:\/\/api.w.org\/{rel}","templated":true}]}}