{"id":2190,"date":"2025-11-06T08:29:42","date_gmt":"2025-11-06T12:29:42","guid":{"rendered":"https:\/\/elpueblo.com.do\/?p=2190"},"modified":"2025-11-06T08:29:44","modified_gmt":"2025-11-06T12:29:44","slug":"coopnama-y-ucade-firman-acuerdo-interinstitucional","status":"publish","type":"post","link":"https:\/\/elpueblo.com.do\/actualidad\/coopnama-y-ucade-firman-acuerdo-interinstitucional\/2190\/","title":{"rendered":"COOPNAMA y UCADE firman acuerdo interinstitucional"},"content":{"rendered":"\n<p><em>Las instituciones educativas buscan establecer una alianza interinstitucional con el prop\u00f3sito de brindar a los j\u00f3venes del Programa de Becas de la zona Este la oportunidad de capacitarse y desarrollarse acad\u00e9micamente.<\/em><\/p>\n\n\n\n<p>Hig\u00fcey. -La Cooperativa Nacional de Servicios M\u00faltiples de los Maestros (COOPNAMA) firm\u00f3 un acuerdo de colaboraci\u00f3n interinstitucional con la Universidad Cat\u00f3lica del Este (UCADE), con la finalidad de incluir a esta casa de altos estudios en el Programa Nacional de Becas.<\/p>\n\n\n\n<p>El Prof. Santiago Portes, presidente del Consejo de Administraci\u00f3n manifest\u00f3 que esta nueva alianza es parte de la planificaci\u00f3n estrategia de cara al 2026. Adem\u00e1s, dijo: \u201cQu\u00e9 bueno que la provincia La Altagracia tiene una universidad que est\u00e1 apoderada y empoderada de la calidad. A partir de hoy los hijos e hijas de nuestros asociados podr\u00e1n optar por una beca y ya no tendr\u00e1n que moverse lejos de aqu\u00ed\u201d.<\/p>\n\n\n\n<p>Exhort\u00f3 a todos los presentes a ser parte de esta nueva alianza, la cual consider\u00f3 una tarea digna y acorde con todos los principios de la cooperativa.<\/p>\n\n\n\n<p>El rector de la universidad, Dr. Abelino Reyes Gonz\u00e1lez expres\u00f3 un alto nivel de satisfacci\u00f3n por este importante paso en favor de abrir nuevas oportunidades a estudiantes del \u00e1rea de educaci\u00f3n y de otras disciplinas para que puedan cursar sus estudios en la instituci\u00f3n.<\/p>\n\n\n\n<p>\u201cEste convenio tiene el objetivo de convertirse en una plataforma de sostenibilidad para los procesos acad\u00e9micos, sustentada en la calidad educativa que ofrecemos y en la generosidad de ustedes al brindar apoyo en materia de financiamiento y acompa\u00f1amiento en los procesos legislativos\u201d, asegur\u00f3 Reyes Gonz\u00e1lez.<\/p>\n\n\n\n<p>Durante su intervenci\u00f3n monse\u00f1or doctor Jes\u00fas Castro Marte, obispo de la Di\u00f3cesis Nuestra Se\u00f1ora de La Altagracia afirm\u00f3: \u201cEste convenio es motivo de alegr\u00eda, porque la cooperativa no es simplemente de ahorros, es de ayudar al maestro, manifest\u00e1ndose a trav\u00e9s del programa de becas, el rostro social de COOPNAMA.\u201d<\/p>\n\n\n\n<p>Santiago Portes encabez\u00f3 la comitiva que estaba compuesta por los profesores Francisco Santana, presidente del Consejo de Vigilancia; Jos\u00e9 Fabio Dur\u00e1n, presidente del Comit\u00e9 de Cr\u00e9dito; Felicia Contreras, secretaria del Consejo de Administraci\u00f3n; Zoila Flor Mateo, tesorera del Consejo de Administraci\u00f3n; Martin Castillo, secretario del Consejo de Vigilancia.<\/p>\n\n\n\n<p>Adem\u00e1s de los consejeros, los profesores Nelly Bonilla, Bruno Ortiz, Eunice Mart\u00ednez, Altagracia Jim\u00e9nez y Paula S\u00e1nchez.<\/p>\n\n\n\n<p>Mientras que de la Universidad Cat\u00f3lica del Este estuvieron presentes Luz Altagracia Reyes de Santana, vice-rectora; Charina Montilla, directora de extensi\u00f3n e internalizaci\u00f3n y otros.<\/p>\n\n\n\n<p>Como invitados especiales asistieron Eufracia G\u00f3mez Morillo, presidenta del Consejo Nacional de Cooperativas (CONACOOP); V\u00edctor Pascual Pepen Castillo, ex presidente del Consejo de Administraci\u00f3n; Dr. Guillermo Arboleda G\u00f3mez, Maestro investigador de Econom\u00eda Social y Cooperativismo y Marta Rodr\u00edguez de Le\u00f3n, directora del Distrito 12-01.<\/p>\n\n\n\n<p>Del personal administrativo de COOPNAMA estuvieron presentes los gerentes Kennedy Garc\u00eda, de Recursos Humanos; Victoria Su\u00e1rez, de Planificaci\u00f3n; Lino Hern\u00e1ndez, de Financiera. Adem\u00e1s de Marisol Aquino, Encargada del Departamento de Gesti\u00f3n de Calidad; Wilfredo Severino, Oficial de Cumplimiento; Miguel El\u00edas Castillo, sub-gerente de Cobros; Yasser Ram\u00edrez, encargado de cr\u00e9dito educativo, Gerencia de Educaci\u00f3n; Juan Jos\u00e9 P\u00e9rez, encargado oficina regional Este COOPNAMA; Carlos Manuel Ubiera Berroa, sub encargado Oficina Regional Este COOPNAMA.<\/p>\n","protected":false},"excerpt":{"rendered":"<p>Las instituciones educativas buscan establecer una alianza interinstitucional con el prop\u00f3sito de brindar a los j\u00f3venes del Programa de Becas de la zona Este la oportunidad de capacitarse y desarrollarse acad\u00e9micamente. Hig\u00fcey. -La Cooperativa Nacional de Servicios M\u00faltiples de los Maestros (COOPNAMA) firm\u00f3 un acuerdo de colaboraci\u00f3n interinstitucional con la Universidad Cat\u00f3lica del Este (UCADE), [&hellip;]<\/p>\n","protected":false},"author":1,"featured_media":2191,"comment_status":"open","ping_status":"open","sticky":false,"template":"","format":"standard","meta":{"footnotes":""},"categories":[32],"tags":[],"class_list":{"0":"post-2190","1":"post","2":"type-post","3":"status-publish","4":"format-standard","5":"has-post-thumbnail","7":"category-actualidad"},"_links":{"self":[{"href":"https:\/\/elpueblo.com.do\/api-json\/wp\/v2\/posts\/2190","targetHints":{"allow":["GET"]}}],"collection":[{"href":"https:\/\/elpueblo.com.do\/api-json\/wp\/v2\/posts"}],"about":[{"href":"https:\/\/elpueblo.com.do\/api-json\/wp\/v2\/types\/post"}],"author":[{"embeddable":true,"href":"https:\/\/elpueblo.com.do\/api-json\/wp\/v2\/users\/1"}],"replies":[{"embeddable":true,"href":"https:\/\/elpueblo.com.do\/api-json\/wp\/v2\/comments?post=2190"}],"version-history":[{"count":0,"href":"https:\/\/elpueblo.com.do\/api-json\/wp\/v2\/posts\/2190\/revisions"}],"wp:featuredmedia":[{"embeddable":true,"href":"https:\/\/elpueblo.com.do\/api-json\/wp\/v2\/media\/2191"}],"wp:attachment":[{"href":"https:\/\/elpueblo.com.do\/api-json\/wp\/v2\/media?parent=2190"}],"wp:term":[{"taxonomy":"category","embeddable":true,"href":"https:\/\/elpueblo.com.do\/api-json\/wp\/v2\/categories?post=2190"},{"taxonomy":"post_tag","embeddable":true,"href":"https:\/\/elpueblo.com.do\/api-json\/wp\/v2\/tags?post=2190"}],"curies":[{"name":"wp","href":"https:\/\/api.w.org\/{rel}","templated":true}]}}