{"id":2186,"date":"2025-10-27T19:14:26","date_gmt":"2025-10-27T23:14:26","guid":{"rendered":"https:\/\/elpueblo.com.do\/?p=2186"},"modified":"2025-10-27T19:14:27","modified_gmt":"2025-10-27T23:14:27","slug":"julito-fulcar-rendira-cuentas-sobre-su-gestion-senatorial-2024-2025-en-la-provincia-peravia","status":"publish","type":"post","link":"https:\/\/elpueblo.com.do\/actualidad\/julito-fulcar-rendira-cuentas-sobre-su-gestion-senatorial-2024-2025-en-la-provincia-peravia\/2186\/","title":{"rendered":"Julito Fulcar rendir\u00e1 cuentas sobre su gesti\u00f3n senatorial 2024-2025 en la provincia Peravia"},"content":{"rendered":"\n<p>Ban\u00ed, Peravia. \u2013 El senador de la Rep\u00fablica por la provincia Peravia, Julito Fulcar, realizar\u00e1 su acto oficial de Rendici\u00f3n de Cuentas correspondiente al per\u00edodo legislativo 2024-2025, en el que presentar\u00e1 ante la ciudadan\u00eda los principales logros, iniciativas y proyectos impulsados durante el \u00faltimo a\u00f1o de su gesti\u00f3n.<\/p>\n\n\n\n<p>El encuentro se llevar\u00e1 a cabo el mi\u00e9rcoles 29 de octubre, a las 6:00 de la tarde, en el Auditorio del Centro UASD Ban\u00ed, con la presencia de autoridades provinciales, alcaldes, directores distritales, representantes de instituciones p\u00fablicas y privadas, l\u00edderes comunitarios, medios de comunicaci\u00f3n y ciudadanos de toda la provincia.<\/p>\n\n\n\n<p>Con esta actividad, el senador Fulcar reafirma su compromiso con la transparencia, la participaci\u00f3n ciudadana y la rendici\u00f3n p\u00fablica de sus actuaciones, valores que han caracterizado su ejercicio legislativo al servicio del desarrollo de la provincia Peravia.<\/p>\n\n\n\n<p>Cabe destacar que el evento estaba originalmente programado para celebrarse el pasado viernes 24 de octubre, pero debido al paso de la tormenta tropical Melissa por la provincia Peravia, se decidi\u00f3 posponerlo como medida de precauci\u00f3n y respeto a las condiciones climatol\u00f3gicas adversas.<\/p>\n","protected":false},"excerpt":{"rendered":"<p>Ban\u00ed, Peravia. \u2013 El senador de la Rep\u00fablica por la provincia Peravia, Julito Fulcar, realizar\u00e1 su acto oficial de Rendici\u00f3n de Cuentas correspondiente al per\u00edodo legislativo 2024-2025, en el que presentar\u00e1 ante la ciudadan\u00eda los principales logros, iniciativas y proyectos impulsados durante el \u00faltimo a\u00f1o de su gesti\u00f3n. El encuentro se llevar\u00e1 a cabo el [&hellip;]<\/p>\n","protected":false},"author":1,"featured_media":2179,"comment_status":"open","ping_status":"open","sticky":false,"template":"","format":"standard","meta":{"footnotes":""},"categories":[32],"tags":[],"class_list":{"0":"post-2186","1":"post","2":"type-post","3":"status-publish","4":"format-standard","5":"has-post-thumbnail","7":"category-actualidad"},"_links":{"self":[{"href":"https:\/\/elpueblo.com.do\/api-json\/wp\/v2\/posts\/2186","targetHints":{"allow":["GET"]}}],"collection":[{"href":"https:\/\/elpueblo.com.do\/api-json\/wp\/v2\/posts"}],"about":[{"href":"https:\/\/elpueblo.com.do\/api-json\/wp\/v2\/types\/post"}],"author":[{"embeddable":true,"href":"https:\/\/elpueblo.com.do\/api-json\/wp\/v2\/users\/1"}],"replies":[{"embeddable":true,"href":"https:\/\/elpueblo.com.do\/api-json\/wp\/v2\/comments?post=2186"}],"version-history":[{"count":0,"href":"https:\/\/elpueblo.com.do\/api-json\/wp\/v2\/posts\/2186\/revisions"}],"wp:featuredmedia":[{"embeddable":true,"href":"https:\/\/elpueblo.com.do\/api-json\/wp\/v2\/media\/2179"}],"wp:attachment":[{"href":"https:\/\/elpueblo.com.do\/api-json\/wp\/v2\/media?parent=2186"}],"wp:term":[{"taxonomy":"category","embeddable":true,"href":"https:\/\/elpueblo.com.do\/api-json\/wp\/v2\/categories?post=2186"},{"taxonomy":"post_tag","embeddable":true,"href":"https:\/\/elpueblo.com.do\/api-json\/wp\/v2\/tags?post=2186"}],"curies":[{"name":"wp","href":"https:\/\/api.w.org\/{rel}","templated":true}]}}