{"id":2182,"date":"2025-10-23T14:56:30","date_gmt":"2025-10-23T18:56:30","guid":{"rendered":"https:\/\/elpueblo.com.do\/?p=2182"},"modified":"2025-10-23T14:56:31","modified_gmt":"2025-10-23T18:56:31","slug":"coopnama-y-adp-realizan-conciertos-en-homenaje-a-maestros-y-maestras","status":"publish","type":"post","link":"https:\/\/elpueblo.com.do\/actualidad\/coopnama-y-adp-realizan-conciertos-en-homenaje-a-maestros-y-maestras\/2182\/","title":{"rendered":"COOPNAMA y ADP Realizan Conciertos en Homenaje a Maestros y Maestras"},"content":{"rendered":"\n<p><em>El evento musical \u201cCanto al Maestro\u201d, es un homenaje musical lleno de gratitud, orgullo y emoci\u00f3n dedicado a los docentes dominicanos.<\/em><\/p>\n\n\n\n<p>Santiago, RD.- La Cooperativa Nacional de Servicios M\u00faltiples de los Maestros (COOPNAMA) y la Asociaci\u00f3n Dominicana de Profesores (ADP) realizan cuatro magistrales conciertos titulados \u201cCanto al Maestro\u201d, un evento musical con el que se honra a los maestros y maestras, donde los educadores pueden disfrutar de las emotivas y bellas interpretaciones del cantautor y compositor Manuel Jim\u00e9nez y la cantante Jackeline Est\u00e9vez.<\/p>\n\n\n\n<p>En esta ocasi\u00f3n, este gran evento lleg\u00f3 a la ciudad de Santiago de los Caballeros teniendo como sede el Auditorio de la Universidad Aut\u00f3noma de Santo Domingo (UASD), en la Barranquita, en donde cientos de maestros y maestras disfrutaron de los grandes \u00e9xitos e interpretaciones de Manuel Jim\u00e9nez y Jackeline Est\u00e9vez, adem\u00e1s de an\u00e9cdotas y vivencias sobre la lucha, dedicaci\u00f3n y sacrificio de los docentes a lo largo de su historia magisterial.<\/p>\n\n\n\n<p>Estos conciertos iniciaron el viernes 10 de octubre en la capital, luego el viernes 17 en la regi\u00f3n Sur, teniendo como sede a San Juan de la Maguana, quedando solo un \u00faltimo concierto el cual se llevar\u00e1 a cabo este viernes 31 en San Pedro de Macor\u00eds, para todo el Este.<\/p>\n\n\n\n<p>Las palabras de apertura de este concierto estuvieron a cargo del presidente del Consejo de Administraci\u00f3n de COOPNAMA, profesor Santiago Portes, qui\u00e9n manifest\u00f3 que esta alianza estrat\u00e9gica con la ADP es un matrimonio institucional en beneficio del magisterio nacional.<\/p>\n\n\n\n<p>\u201cEste pilotaje es el principio de grandes cosas que haremos juntos COOPNAMA y ADP, en lo adelante vamos a peinar el pa\u00eds con otras actividades conjuntas en donde los protagonistas sean los maestros y maestras del pa\u00eds\u201d, puntualiz\u00f3 Portes.<\/p>\n\n\n\n<p>Agreg\u00f3, que este tipo de actividad conjunta es un ejemplo para las futuras generaciones, considerando que con este emotivo evento se env\u00eda un mensaje a la comunidad magisterial de que es posible trabajar juntos respetando cada espacio e ideolog\u00eda pol\u00edtica por una causa com\u00fan, el bienestar de los maestros y maestras.<\/p>\n\n\n\n<p>\u201cEn COOPNAMA y la ADP, hoy m\u00e1s que nunca podemos decir que somos un esfuerzo colectivo del magisterio nacional\u201d, exclam\u00f3 el presidente del Consejo de Administraci\u00f3n.<\/p>\n\n\n\n<p>De su lado, el profesor Eduardo Hidalgo, presidente de la ADP al pronunciar las palabras centrales de este concierto, agradeci\u00f3 al profesor Santiago Portes y a COOPNAMA, por abrir las puertas de la instituci\u00f3n, y agradeci\u00f3 en nombre del Comit\u00e9 Ejecutivo Nacional por tan decidido apoyo.<\/p>\n\n\n\n<p>\u201cSantiago Portes no solo interpret\u00f3 la idea, sino que tambi\u00e9n nos manifest\u00f3 que COOPNAMA iba a asumir este evento como parte de ellos, gracias en nombre de la mil veces gloriosa ADP\u201d, subray\u00f3 Eduardo Hidalgo.<\/p>\n\n\n\n<p>Hidalgo explic\u00f3 que el sindicato procura con estas actividades valorar la figura del maestro y la maestra, homenajear a las distintas generaciones, promover la memoria hist\u00f3rica y cultural vinculada a la educaci\u00f3n que permita elevar el esp\u00edritu de quienes han contribuido y contribuyen a construir una Patria mejor desde las aulas.<\/p>\n\n\n\n<p>Adem\u00e1s, destac\u00f3 el hecho de que este 21 de octubre se celebr\u00f3 el D\u00eda Nacional del Poeta, en honor a la poetisa y educadora Salom\u00e9 Ure\u00f1a D\u00edaz de Henr\u00edquez, dedicando uno de sus poemas a los cientos de maestros y maestras presentes en el concierto.<\/p>\n\n\n\n<p>\u201cHoy celebramos no solo la m\u00fasica y las buenas letras que nos unen, sino tambi\u00e9n la dedicaci\u00f3n y el esfuerzo de cada uno de ustedes maestros y maestras, ustedes c\u00f3mo educadores y educadoras han elegido un camino de pasi\u00f3n de sacrificio y de servicio que ha inspirado a generaciones de estudiantes a alcanzar sus sue\u00f1os\u201d, valoro el dirigente magisterial.<\/p>\n\n\n\n<p>El concierto \u201cCanto al Maestro\u201d cont\u00f3 con la participaci\u00f3n especial de cuatro maestros y maestras, talentos de la m\u00fasica quienes abrieron el opening, ellos son: Elvia Sosa Beato, del Liceo La Zanja; Ram\u00f3n Gabriel Rodr\u00edguez, del Liceo La Zanja; Erol D\u00edaz, cantautor y escritor y David Germosen, de la Escuela Rep\u00fablica de Belice.<\/p>\n\n\n\n<p>Acompa\u00f1aron a Santiago Portes en representaci\u00f3n de la Cooperativa de Maestros, los profesores Jos\u00e9 F\u00e9lix Pe\u00f1a, miembro del Consejo de Administraci\u00f3n; Jos\u00e9 Agust\u00edn Hern\u00e1ndez y Henry Rodr\u00edguez, titular y suplente del Consejo de Vigilancia. As\u00ed como Pedro Bid\u00f3 Fulcar, subgerente de Educaci\u00f3n y Yhared Henr\u00edquez encargada de Edici\u00f3n y Reproducci\u00f3n de Materiales, tambi\u00e9n de la Gerencia de Educaci\u00f3n.<\/p>\n\n\n\n<p>De igual manera, estuvieron presentes el Maestro Juan A. Arias, director general de la UASD, Recinto Santiago; Eddy Samuel \u00c1lvarez, presidente de la Federaci\u00f3n de Cooperativas del Cibao Central (FECOOPCEN) y Nelson Francisco Carela, ministro consejero del Ministerio de Relaciones Exteriores (MIREX) y representante de las Cooperativas del Cibao Central en Europa.<\/p>\n\n\n\n<p>En representaci\u00f3n de la ADP, se encontraban los miembros del Comit\u00e9 Ejecutivo Nacional (CEN), Sixto Gabin, secretario de Asuntos Culturales y Coordinador de los Conciertos; Ylario del Jes\u00fas M\u00e9ndez, secretario de Asuntos Cooperativos; Miguel A. Jorge, secretario de Acta y Correspondencia; Primitiva Medina, secretaria de Equidad e Igualdad de G\u00e9nero; Miguel A. Fern\u00e1ndez, secretario de Organizaci\u00f3n y Documentaci\u00f3n y Teresa E. Pe\u00f1a, vocal.<\/p>\n","protected":false},"excerpt":{"rendered":"<p>El evento musical \u201cCanto al Maestro\u201d, es un homenaje musical lleno de gratitud, orgullo y emoci\u00f3n dedicado a los docentes dominicanos. Santiago, RD.- La Cooperativa Nacional de Servicios M\u00faltiples de los Maestros (COOPNAMA) y la Asociaci\u00f3n Dominicana de Profesores (ADP) realizan cuatro magistrales conciertos titulados \u201cCanto al Maestro\u201d, un evento musical con el que se [&hellip;]<\/p>\n","protected":false},"author":1,"featured_media":2184,"comment_status":"open","ping_status":"open","sticky":false,"template":"","format":"standard","meta":{"footnotes":""},"categories":[32],"tags":[],"class_list":{"0":"post-2182","1":"post","2":"type-post","3":"status-publish","4":"format-standard","5":"has-post-thumbnail","7":"category-actualidad"},"_links":{"self":[{"href":"https:\/\/elpueblo.com.do\/api-json\/wp\/v2\/posts\/2182","targetHints":{"allow":["GET"]}}],"collection":[{"href":"https:\/\/elpueblo.com.do\/api-json\/wp\/v2\/posts"}],"about":[{"href":"https:\/\/elpueblo.com.do\/api-json\/wp\/v2\/types\/post"}],"author":[{"embeddable":true,"href":"https:\/\/elpueblo.com.do\/api-json\/wp\/v2\/users\/1"}],"replies":[{"embeddable":true,"href":"https:\/\/elpueblo.com.do\/api-json\/wp\/v2\/comments?post=2182"}],"version-history":[{"count":0,"href":"https:\/\/elpueblo.com.do\/api-json\/wp\/v2\/posts\/2182\/revisions"}],"wp:featuredmedia":[{"embeddable":true,"href":"https:\/\/elpueblo.com.do\/api-json\/wp\/v2\/media\/2184"}],"wp:attachment":[{"href":"https:\/\/elpueblo.com.do\/api-json\/wp\/v2\/media?parent=2182"}],"wp:term":[{"taxonomy":"category","embeddable":true,"href":"https:\/\/elpueblo.com.do\/api-json\/wp\/v2\/categories?post=2182"},{"taxonomy":"post_tag","embeddable":true,"href":"https:\/\/elpueblo.com.do\/api-json\/wp\/v2\/tags?post=2182"}],"curies":[{"name":"wp","href":"https:\/\/api.w.org\/{rel}","templated":true}]}}