{"id":2178,"date":"2025-10-23T13:44:01","date_gmt":"2025-10-23T17:44:01","guid":{"rendered":"https:\/\/elpueblo.com.do\/?p=2178"},"modified":"2025-10-23T13:44:03","modified_gmt":"2025-10-23T17:44:03","slug":"oficina-senatorial-de-peravia-pospone-acto-de-rendicion-de-cuentas-por-condiciones-climaticas","status":"publish","type":"post","link":"https:\/\/elpueblo.com.do\/actualidad\/oficina-senatorial-de-peravia-pospone-acto-de-rendicion-de-cuentas-por-condiciones-climaticas\/2178\/","title":{"rendered":"Oficina Senatorial de Peravia pospone acto de Rendici\u00f3n de Cuentas por condiciones clim\u00e1ticas"},"content":{"rendered":"\n<p>Ban\u00ed, provincia Peravia. \u2013 La Oficina Senatorial de la Provincia Peravia, que encabeza el senador Julito Fulcar, inform\u00f3 la postergaci\u00f3n del acto de Rendici\u00f3n de Cuentas correspondiente al per\u00edodo 2024\u20132025, que estaba previsto para este viernes 24 de octubre.<\/p>\n\n\n\n<p>La decisi\u00f3n fue adoptada ante las condiciones clim\u00e1ticas provocadas por el paso de la tormenta Melissa y en atenci\u00f3n a las recomendaciones de los organismos de protecci\u00f3n civil, con el prop\u00f3sito de salvaguardar la seguridad de todos los asistentes y colaboradores.<\/p>\n\n\n\n<p>El acto ha sido reprogramado para el mi\u00e9rcoles 29 de octubre de 2025, a las 6:00 de la tarde, en el Auditorio del Centro UASD Ban\u00ed.<\/p>\n\n\n\n<p>\u201cAnte todo, nuestra prioridad es la seguridad de la gente. Por eso hemos decidido posponer la actividad hasta que las condiciones sean m\u00e1s favorables\u201d, expres\u00f3 el senador Julito Fulcar, al tiempo de agradecer la comprensi\u00f3n y apoyo de la ciudadan\u00eda.<\/p>\n\n\n\n<p>La Oficina Senatorial reiter\u00f3 su compromiso de mantener informada a la poblaci\u00f3n a trav\u00e9s de sus canales oficiales de comunicaci\u00f3n y reafirm\u00f3 su disposici\u00f3n de continuar trabajando en favor del desarrollo de la provincia Peravia.<\/p>\n","protected":false},"excerpt":{"rendered":"<p>Ban\u00ed, provincia Peravia. \u2013 La Oficina Senatorial de la Provincia Peravia, que encabeza el senador Julito Fulcar, inform\u00f3 la postergaci\u00f3n del acto de Rendici\u00f3n de Cuentas correspondiente al per\u00edodo 2024\u20132025, que estaba previsto para este viernes 24 de octubre. La decisi\u00f3n fue adoptada ante las condiciones clim\u00e1ticas provocadas por el paso de la tormenta Melissa [&hellip;]<\/p>\n","protected":false},"author":1,"featured_media":2180,"comment_status":"open","ping_status":"open","sticky":false,"template":"","format":"standard","meta":{"footnotes":""},"categories":[32],"tags":[],"class_list":{"0":"post-2178","1":"post","2":"type-post","3":"status-publish","4":"format-standard","5":"has-post-thumbnail","7":"category-actualidad"},"_links":{"self":[{"href":"https:\/\/elpueblo.com.do\/api-json\/wp\/v2\/posts\/2178","targetHints":{"allow":["GET"]}}],"collection":[{"href":"https:\/\/elpueblo.com.do\/api-json\/wp\/v2\/posts"}],"about":[{"href":"https:\/\/elpueblo.com.do\/api-json\/wp\/v2\/types\/post"}],"author":[{"embeddable":true,"href":"https:\/\/elpueblo.com.do\/api-json\/wp\/v2\/users\/1"}],"replies":[{"embeddable":true,"href":"https:\/\/elpueblo.com.do\/api-json\/wp\/v2\/comments?post=2178"}],"version-history":[{"count":0,"href":"https:\/\/elpueblo.com.do\/api-json\/wp\/v2\/posts\/2178\/revisions"}],"wp:featuredmedia":[{"embeddable":true,"href":"https:\/\/elpueblo.com.do\/api-json\/wp\/v2\/media\/2180"}],"wp:attachment":[{"href":"https:\/\/elpueblo.com.do\/api-json\/wp\/v2\/media?parent=2178"}],"wp:term":[{"taxonomy":"category","embeddable":true,"href":"https:\/\/elpueblo.com.do\/api-json\/wp\/v2\/categories?post=2178"},{"taxonomy":"post_tag","embeddable":true,"href":"https:\/\/elpueblo.com.do\/api-json\/wp\/v2\/tags?post=2178"}],"curies":[{"name":"wp","href":"https:\/\/api.w.org\/{rel}","templated":true}]}}