{"id":2171,"date":"2025-10-17T22:06:33","date_gmt":"2025-10-18T02:06:33","guid":{"rendered":"https:\/\/elpueblo.com.do\/?p=2171"},"modified":"2025-10-17T22:06:34","modified_gmt":"2025-10-18T02:06:34","slug":"luis-abinader-es-un-presidente-municipalista-y-peralta-es-un-ejemplo-destacado","status":"publish","type":"post","link":"https:\/\/elpueblo.com.do\/actualidad\/luis-abinader-es-un-presidente-municipalista-y-peralta-es-un-ejemplo-destacado\/2171\/","title":{"rendered":"Luis Abinader es un presidente municipalista, y Peralta es un ejemplo destacado"},"content":{"rendered":"\n<p>Se ha dicho que Luis Abinader es el presidente m\u00e1s municipalista de los que recordamos. Y, de hecho, se destaca que entre las grandes obras de su gobierno, es hacer peque\u00f1as, pero significativas obras por medio de los ayuntamientos en cada municipio, y el Municipio Peralta es un claro ejemplo de ese compromiso del Presidente con el desarrollo local.<\/p>\n\n\n\n<p>Desde la toma de posesi\u00f3n en 2020, el Presidente ha estado aportando recursos a los ayuntamientos para desarrollar obras de inter\u00e9s municipal. Su enfoque ha sido apoyar a los gobiernos locales, sin importar la afiliaci\u00f3n pol\u00edtica de su alcalde, para que puedan llevar a cabo proyectos que beneficien a sus municipes.<\/p>\n\n\n\n<p>Si bien es un hecho que algunos incumbentes municipales han querido minimizar o, por el silencio voluntario, atribuirse el m\u00e9rito de estas obras, la realidad es que el presidente Abinader ha demostrado un compromiso genuino con el desarrollo municipal al entregarle recursos.<\/p>\n\n\n\n<p>Este compromiso del presidente Abinader puede verse en el Ayuntamiento del Municipio Peralta de la Provincia Azua.<\/p>\n\n\n\n<p>En lo que va del a\u00f1o 2025, Abinader ha entregado aproximadamente un tercio de los recursos que por Ley se le asigna a este ayuntamiento. Es decir, sumado a los m\u00e1s de 37 millones que recibe, el presidente le ha aportado alrededor de 10 millones de pesos. Cerca de la mitad de ese monto se ha destinado a la terminaci\u00f3n del multiuso del sector El Mercado, y la otra parte para la construcci\u00f3n de aceras y contenes, as\u00ed como asfalto. Igualmente, se espera que en el futuro pr\u00f3ximo se aporten m\u00e1s recursos econ\u00f3micos (3 millones aproximadamente) y dependiendo de la transparencia con que se utilicen estos fondos, se les asignar\u00e1 otra cantidad similar o m\u00e1s.<\/p>\n\n\n\n<p>En resumen, al presidente Luis Abinader hay que reconocerle su compromiso con el desarrollo municipal. Es sin dudas el presidente que m\u00e1s ha aportado a la municipalidad.<\/p>\n\n\n\n<p>Por; Janser Mart\u00ednez<\/p>\n","protected":false},"excerpt":{"rendered":"<p>Se ha dicho que Luis Abinader es el presidente m\u00e1s municipalista de los que recordamos. Y, de hecho, se destaca que entre las grandes obras de su gobierno, es hacer peque\u00f1as, pero significativas obras por medio de los ayuntamientos en cada municipio, y el Municipio Peralta es un claro ejemplo de ese compromiso del Presidente [&hellip;]<\/p>\n","protected":false},"author":1,"featured_media":2172,"comment_status":"open","ping_status":"open","sticky":false,"template":"","format":"standard","meta":{"footnotes":""},"categories":[32],"tags":[],"class_list":{"0":"post-2171","1":"post","2":"type-post","3":"status-publish","4":"format-standard","5":"has-post-thumbnail","7":"category-actualidad"},"_links":{"self":[{"href":"https:\/\/elpueblo.com.do\/api-json\/wp\/v2\/posts\/2171","targetHints":{"allow":["GET"]}}],"collection":[{"href":"https:\/\/elpueblo.com.do\/api-json\/wp\/v2\/posts"}],"about":[{"href":"https:\/\/elpueblo.com.do\/api-json\/wp\/v2\/types\/post"}],"author":[{"embeddable":true,"href":"https:\/\/elpueblo.com.do\/api-json\/wp\/v2\/users\/1"}],"replies":[{"embeddable":true,"href":"https:\/\/elpueblo.com.do\/api-json\/wp\/v2\/comments?post=2171"}],"version-history":[{"count":0,"href":"https:\/\/elpueblo.com.do\/api-json\/wp\/v2\/posts\/2171\/revisions"}],"wp:featuredmedia":[{"embeddable":true,"href":"https:\/\/elpueblo.com.do\/api-json\/wp\/v2\/media\/2172"}],"wp:attachment":[{"href":"https:\/\/elpueblo.com.do\/api-json\/wp\/v2\/media?parent=2171"}],"wp:term":[{"taxonomy":"category","embeddable":true,"href":"https:\/\/elpueblo.com.do\/api-json\/wp\/v2\/categories?post=2171"},{"taxonomy":"post_tag","embeddable":true,"href":"https:\/\/elpueblo.com.do\/api-json\/wp\/v2\/tags?post=2171"}],"curies":[{"name":"wp","href":"https:\/\/api.w.org\/{rel}","templated":true}]}}