{"id":2169,"date":"2025-10-16T12:35:40","date_gmt":"2025-10-16T16:35:40","guid":{"rendered":"https:\/\/elpueblo.com.do\/?p=2169"},"modified":"2025-10-16T12:35:41","modified_gmt":"2025-10-16T16:35:41","slug":"dps-peravia-y-oficina-senatorial-julito-fulcar-realizan-acto-conmemorativo-del-mes-de-la-prevencion-del-cancer-de-mama","status":"publish","type":"post","link":"https:\/\/elpueblo.com.do\/actualidad\/dps-peravia-y-oficina-senatorial-julito-fulcar-realizan-acto-conmemorativo-del-mes-de-la-prevencion-del-cancer-de-mama\/2169\/","title":{"rendered":"DPS Peravia y Oficina Senatorial Julito Fulcar realizan acto conmemorativo del mes de la prevenci\u00f3n del c\u00e1ncer de mama"},"content":{"rendered":"\n<p>La Direcci\u00f3n Provincial de Salud Peravia y la Oficina Senatorial de Julito Fulcar realizaron hoy un emotivo acto en conmemoraci\u00f3n del mes de la lucha contra el c\u00e1ncer de mama, reafirmando su compromiso con la prevenci\u00f3n y la concientizaci\u00f3n de esta enfermedad.<\/p>\n\n\n\n<p>El mismo inici\u00f3 con una caminata en silencio que parti\u00f3 desde las instalaciones de la DPS Peravia y culmin\u00f3 en la Oficina Senatorial, donde esperaban decenas de mujeres y hombres, as\u00ed como representantes de organizaciones comunitarias e instituciones p\u00fablicas, entre ellas el Distrito Educativo 03-04 y el Ministerio de Trabajo de Rep\u00fablica Dominicana, entre otras.<\/p>\n\n\n\n<p>En sus palabras de apertura, la directora de la DPS, Ad\u00eds S\u00e1nchez, resalt\u00f3 la importancia de la detecci\u00f3n temprana y del autoexamen como herramientas fundamentales para salvar vidas.<\/p>\n\n\n\n<p>\u201cLa prevenci\u00f3n comienza en casa. El autoexamen y los chequeos peri\u00f3dicos pueden marcar la diferencia entre la vida y la muerte. Hoy caminamos en silencio, pero con un mensaje fuerte: el c\u00e1ncer de mama detectado a tiempo se puede vencer\u201d, expres\u00f3 S\u00e1nchez.<\/p>\n\n\n\n<p>De su lado, el senador Julito Fulcar anunci\u00f3 el inicio de una serie de jornadas de concientizaci\u00f3n que se desarrollar\u00e1n durante lo que resta de octubre y el mes de noviembre, visitando centros educativos, instituciones p\u00fablicas y comunidades de la provincia.<\/p>\n\n\n\n<p>\u201cEsta no es una lucha de un solo d\u00eda, es un compromiso continuo. Vamos a llevar el mensaje de prevenci\u00f3n a cada rinc\u00f3n de la provincia para que m\u00e1s personas puedan detectar a tiempo esta enfermedad y salvar sus vidas\u201d, se\u00f1al\u00f3 el legislador.<\/p>\n\n\n\n<p>Durante el acto, la doctora Berenice Jim\u00e9nez y la licenciada Darianny Carrasco, del Departamento Materno Infantil de la DPS Peravia, abordaron mitos y realidades sobre el c\u00e1ncer de mama, destacando que esta enfermedad tambi\u00e9n puede afectar a los hombres.<\/p>\n\n\n\n<p>\u201cEl c\u00e1ncer de mama no discrimina g\u00e9nero. Aunque es m\u00e1s frecuente en mujeres, los hombres tambi\u00e9n pueden padecerlo. La informaci\u00f3n y la prevenci\u00f3n son claves para todos\u201d, subrayaron las especialistas.<\/p>\n\n\n\n<p>La actividad incluy\u00f3 testimonios de familiares y amigos que han acompa\u00f1ado a seres queridos en su lucha contra el c\u00e1ncer de mama, generando un espacio de reflexi\u00f3n y solidaridad.<\/p>\n\n\n\n<p>Como parte final, los asistentes firmaron un libro de compromiso, reafirmando su apoyo a las acciones de prevenci\u00f3n y concientizaci\u00f3n en la provincia Peravia.<\/p>\n","protected":false},"excerpt":{"rendered":"<p>La Direcci\u00f3n Provincial de Salud Peravia y la Oficina Senatorial de Julito Fulcar realizaron hoy un emotivo acto en conmemoraci\u00f3n del mes de la lucha contra el c\u00e1ncer de mama, reafirmando su compromiso con la prevenci\u00f3n y la concientizaci\u00f3n de esta enfermedad. El mismo inici\u00f3 con una caminata en silencio que parti\u00f3 desde las instalaciones [&hellip;]<\/p>\n","protected":false},"author":1,"featured_media":2167,"comment_status":"open","ping_status":"open","sticky":false,"template":"","format":"standard","meta":{"footnotes":""},"categories":[32],"tags":[],"class_list":{"0":"post-2169","1":"post","2":"type-post","3":"status-publish","4":"format-standard","5":"has-post-thumbnail","7":"category-actualidad"},"_links":{"self":[{"href":"https:\/\/elpueblo.com.do\/api-json\/wp\/v2\/posts\/2169","targetHints":{"allow":["GET"]}}],"collection":[{"href":"https:\/\/elpueblo.com.do\/api-json\/wp\/v2\/posts"}],"about":[{"href":"https:\/\/elpueblo.com.do\/api-json\/wp\/v2\/types\/post"}],"author":[{"embeddable":true,"href":"https:\/\/elpueblo.com.do\/api-json\/wp\/v2\/users\/1"}],"replies":[{"embeddable":true,"href":"https:\/\/elpueblo.com.do\/api-json\/wp\/v2\/comments?post=2169"}],"version-history":[{"count":0,"href":"https:\/\/elpueblo.com.do\/api-json\/wp\/v2\/posts\/2169\/revisions"}],"wp:featuredmedia":[{"embeddable":true,"href":"https:\/\/elpueblo.com.do\/api-json\/wp\/v2\/media\/2167"}],"wp:attachment":[{"href":"https:\/\/elpueblo.com.do\/api-json\/wp\/v2\/media?parent=2169"}],"wp:term":[{"taxonomy":"category","embeddable":true,"href":"https:\/\/elpueblo.com.do\/api-json\/wp\/v2\/categories?post=2169"},{"taxonomy":"post_tag","embeddable":true,"href":"https:\/\/elpueblo.com.do\/api-json\/wp\/v2\/tags?post=2169"}],"curies":[{"name":"wp","href":"https:\/\/api.w.org\/{rel}","templated":true}]}}