{"id":2166,"date":"2025-10-15T17:19:42","date_gmt":"2025-10-15T21:19:42","guid":{"rendered":"https:\/\/elpueblo.com.do\/?p=2166"},"modified":"2025-10-15T17:19:43","modified_gmt":"2025-10-15T21:19:43","slug":"coopnama-y-medicoop-firman-acuerdo-de-cooperacionlas-cooperativas-buscan-establecer-una-alianza-estrategica-que-permita-el-desarrollo-de-programas-proyectos-y-acciones-orientadas-a-la-noble-causa-de","status":"publish","type":"post","link":"https:\/\/elpueblo.com.do\/actualidad\/coopnama-y-medicoop-firman-acuerdo-de-cooperacionlas-cooperativas-buscan-establecer-una-alianza-estrategica-que-permita-el-desarrollo-de-programas-proyectos-y-acciones-orientadas-a-la-noble-causa-de\/2166\/","title":{"rendered":"COOPNAMA Y MEDICOOP FIRMAN ACUERDO DE COOPERACI\u00d3NLas cooperativas buscan establecer una alianza estrat\u00e9gica que permita el desarrollo de programas, proyectos y acciones orientadas a la noble causa de la donaci\u00f3n de sangre."},"content":{"rendered":"\n<p>Santo Domingo.- La Cooperativa Nacional de Servicios M\u00faltiples de los Maestros (COOPNAMA) firm\u00f3 un acuerdo de colaboraci\u00f3n interinstitucional con la Cooperativa Nacional de Servicios M\u00faltiples de los M\u00e9dicos (MEDICOOP), con la finalidad de establecer proyectos y acciones para el sector encaminadas al acto de salvar vidas.<\/p>\n\n\n\n<p>La firma tiene como objetivo promover y facilitar la cooperaci\u00f3n en actividades relacionadas con salud, educaci\u00f3n y bienestar social, mediante la ejecuci\u00f3n de proyectos conjuntos, programas de capacitaci\u00f3n, captaci\u00f3n de donantes de sangre y el intercambio de recursos y conocimientos.<\/p>\n\n\n\n<p>El presidente del Consejo de Administraci\u00f3n de Coopnama, Prof. Santiago Portes hizo un llamado para que todo el sector cooperativo se una a esta noble causa.<\/p>\n\n\n\n<p>\u201cLa Cooperativa de Maestros est\u00e1 de j\u00fabilo, esperamos que la firma de este acuerdo sea como la misma sangre que abona las vidas humanas, porque segundo a segundo, minuto a minuto, horas tras horas, nuestros asociados est\u00e1n en busca de sangre y muchos han partido por falta del preciado l\u00edquido\u201d, resalt\u00f3 Portes.<\/p>\n\n\n\n<p>De su lado, el Dr. Hugo Bautista Martich, presidente del Consejo de Administraci\u00f3n de MEDICOOP, consider\u00f3 que el banco de sangre es uno de sus proyectos m\u00e1s significativos, en donde dan respuestas a una de las necesidades humanas de mayor importancia.<\/p>\n\n\n\n<p>\u201cEspero que todas las cooperativas lleguen a formar parte de este banco de sangre. Con esta firma damos el primer paso de hermandad, confianza que esta iniciativa no sea solo de MEDICOOP sino un compromiso de todo el sector\u201d, sostuvo el Dr. Bautista.<\/p>\n\n\n\n<p>En ese mismo sentido, el Dr. Erisson Feliz, vicepresidente del Consejo de Administraci\u00f3n, y la Licda. Inocencia de la Cruz, de Medicoop valoraron la integraci\u00f3n de la Cooperativa de los Maestros al Banco de Sangre; por el alto d\u00e9ficit de donantes existente en el pa\u00eds.<\/p>\n\n\n\n<p>La encargada de la unidad m\u00e9dica de COOPNAMA, Dra. Nereida de Le\u00f3n resalt\u00f3 la necesidad de sensibilizar y concientizar a la poblaci\u00f3n sobre la donaci\u00f3n de sangre.<\/p>\n\n\n\n<p>El acuerdo fue firmado por los profesores Santiago Portes y Lucas Figueroa Lapay, presidente del Consejo de Administraci\u00f3n y gerente general respectivamente, en representaci\u00f3n de COOPNAMA. Mientras que el Dr. Hugo Bautista Martich, presidente del Consejo Nacional de Administraci\u00f3n, fue signatario por la Cooperativa de M\u00e9dicos.<\/p>\n\n\n\n<p>Este convenio se suscribe en el marco de los principios de cooperaci\u00f3n, reciprocidad, equidad y responsabilidad compartida, con miras a establecer una alianza estrat\u00e9gica que permita el desarrollo de programas, proyectos y acciones orientadas a mejorar el acceso, la calidad y la sostenibilidad del servicio de donaci\u00f3n de sangre.<\/p>\n\n\n\n<p>El acuerdo fue firmado en el sal\u00f3n de actos Dr. Juan Ovidio Coronado en la Cooperativa Medicoop.<\/p>\n\n\n\n<p>La comisi\u00f3n de la Cooperativa de Maestros estuvo conformada por los profesores Francisco Santana, presidente del Consejo de Vigilancia; Octavio Brem\u00f3n, vicepresidente del Consejo de Administraci\u00f3n; Felicia Contreras, secretaria del Consejo de Administraci\u00f3n; Zoila Flor Mateo, tesorera del Consejo de Administraci\u00f3n. Los consejeros de las regiones Santo Domingo IV y Suroeste: Daniel de los Santos y Julio C\u00e9sar Bugu\u00e9, respectivamente. Y los invitados especiales Nelson Carela, ministro consejero y Marcello Mazzilli, subdirector de Aeroportuario.<\/p>\n\n\n\n<p>Mientras que de la Cooperativa de los M\u00e9dicos, estuvieron presentes los doctores Roberto Ger\u00f3nimo, presidente del Consejo de Vigilancia; Fabio S\u00e1nchez, tesorero del Consejo de Administraci\u00f3n; Nancy Paniagua, secretaria del Consejo de Administraci\u00f3n; Ram\u00f3n de Oleo, asesor y pasado presidente de Medicoop y el licenciado C\u00e1stulo Vidal, gerente general.<\/p>\n","protected":false},"excerpt":{"rendered":"<p>Santo Domingo.- La Cooperativa Nacional de Servicios M\u00faltiples de los Maestros (COOPNAMA) firm\u00f3 un acuerdo de colaboraci\u00f3n interinstitucional con la Cooperativa Nacional de Servicios M\u00faltiples de los M\u00e9dicos (MEDICOOP), con la finalidad de establecer proyectos y acciones para el sector encaminadas al acto de salvar vidas. La firma tiene como objetivo promover y facilitar la [&hellip;]<\/p>\n","protected":false},"author":1,"featured_media":2167,"comment_status":"open","ping_status":"open","sticky":false,"template":"","format":"standard","meta":{"footnotes":""},"categories":[32],"tags":[],"class_list":{"0":"post-2166","1":"post","2":"type-post","3":"status-publish","4":"format-standard","5":"has-post-thumbnail","7":"category-actualidad"},"_links":{"self":[{"href":"https:\/\/elpueblo.com.do\/api-json\/wp\/v2\/posts\/2166","targetHints":{"allow":["GET"]}}],"collection":[{"href":"https:\/\/elpueblo.com.do\/api-json\/wp\/v2\/posts"}],"about":[{"href":"https:\/\/elpueblo.com.do\/api-json\/wp\/v2\/types\/post"}],"author":[{"embeddable":true,"href":"https:\/\/elpueblo.com.do\/api-json\/wp\/v2\/users\/1"}],"replies":[{"embeddable":true,"href":"https:\/\/elpueblo.com.do\/api-json\/wp\/v2\/comments?post=2166"}],"version-history":[{"count":0,"href":"https:\/\/elpueblo.com.do\/api-json\/wp\/v2\/posts\/2166\/revisions"}],"wp:featuredmedia":[{"embeddable":true,"href":"https:\/\/elpueblo.com.do\/api-json\/wp\/v2\/media\/2167"}],"wp:attachment":[{"href":"https:\/\/elpueblo.com.do\/api-json\/wp\/v2\/media?parent=2166"}],"wp:term":[{"taxonomy":"category","embeddable":true,"href":"https:\/\/elpueblo.com.do\/api-json\/wp\/v2\/categories?post=2166"},{"taxonomy":"post_tag","embeddable":true,"href":"https:\/\/elpueblo.com.do\/api-json\/wp\/v2\/tags?post=2166"}],"curies":[{"name":"wp","href":"https:\/\/api.w.org\/{rel}","templated":true}]}}