{"id":2155,"date":"2025-10-06T21:43:42","date_gmt":"2025-10-07T01:43:42","guid":{"rendered":"https:\/\/elpueblo.com.do\/?p=2155"},"modified":"2025-10-06T21:43:43","modified_gmt":"2025-10-07T01:43:43","slug":"juramentan-nuevos-miembros-de-organos-de-direccion-social-de-coopnama","status":"publish","type":"post","link":"https:\/\/elpueblo.com.do\/actualidad\/juramentan-nuevos-miembros-de-organos-de-direccion-social-de-coopnama\/2155\/","title":{"rendered":"JURAMENTAN NUEVOS MIEMBROS DE \u00d3RGANOS DE DIRECCI\u00d3N SOCIAL DE COOPNAMA"},"content":{"rendered":"\n<p>El profesor Santiago Portes, qued\u00f3 juramentado nueva vez como presidente del Consejo de Administraci\u00f3n, mientras que el Consejo de Vigilancia y el Comit\u00e9 de Cr\u00e9dito, seguir\u00e1n siendo dirigidos por Francisco Santana y Jos\u00e9 Fabio Dur\u00e1n, respectivamente.<\/p>\n\n\n\n<p>Santo Domingo. \u2013 En el marco de la celebraci\u00f3n de la Quincuag\u00e9sima Cuarta Asamblea General Ordinaria de Delegados fueron juramentados los miembros de los \u00f3rganos de direcci\u00f3n de la Cooperativa de Servicios M\u00faltiples de los Maestros (COOPNAMA).<\/p>\n\n\n\n<p>Los profesores Santiago Portes, Francisco Santana y Jos\u00e9 Fabio Dur\u00e1n, quedaron juramentados nueva vez como presidentes del Consejo de Administraci\u00f3n, el Consejo de Vigilancia y el Comit\u00e9 de Cr\u00e9dito, respectivamente.<\/p>\n\n\n\n<p>Durante su intervenci\u00f3n, Portes agradeci\u00f3 al liderazgo de las diferentes corrientes magisteriales a nivel nacional quienes confiaron en \u00e9l para seguir asumiendo la responsabilidad de presidir el Consejo de Administraci\u00f3n.<\/p>\n\n\n\n<p>\u201cHoy nos comprometemos y hemos jurado cumplir con la Constituci\u00f3n de la Rep\u00fablica, la Ley 127 y sus reglamentaciones, la Ley de Lavado de Activos y todas aquellas disposiciones que vengan a robustecer el sistema social y econ\u00f3mico de COOPNAMA. El trabajo nos espera, el compromiso nos asecha y los resultados que est\u00e1n plasmados en nuestros informes nos demandan tiempo y espacio para seguir contribuyendo al fortalecimiento institucional\u201d, indic\u00f3.<\/p>\n\n\n\n<p>El Prof. Portes brind\u00f3 por la solidaridad del cooperativismo universal, por la paz, por la inclusi\u00f3n y por el bienestar social, augurando \u00e9xitos en el 2026 como los sembrados y cosechados durante el 2025.<\/p>\n\n\n\n<p>En el proceso de escogencia tambi\u00e9n quedaron reelectos: Octavio Brem\u00f3n, como vicepresidente del Consejo de Administraci\u00f3n; Felicia Contreras, secretaria y Zoila Flor Mateo como tesorera de la instituci\u00f3n.<\/p>\n\n\n\n<p>OTRAS DE LAS ACTIVIDADES<\/p>\n\n\n\n<p>Durante la celebraci\u00f3n de la Quincuag\u00e9sima Cuarta Asamblea General de Delegados, la Cooperativa de los Maestros, firm\u00f3 un acuerdo tripartito de cooperaci\u00f3n institucional con la Universidad para la Paz y la Fundaci\u00f3n para el Estudio de Lavado de Activos, con el cual se busca desarrollar y consolidar las relaciones de \u00edndole acad\u00e9mica y cooperaci\u00f3n entre las instituciones firmantes.<\/p>\n\n\n\n<p>Adem\u00e1s, se imparti\u00f3 la conferencia titulada: \u201cLa Regulaci\u00f3n y la Gesti\u00f3n del Riesgo del Lavado de Activos en las Cooperativas\u201d, a cargo de la especialista salvadore\u00f1a, Alicia Guzm\u00e1n, gerente general de ACOMI de R.L<\/p>\n","protected":false},"excerpt":{"rendered":"<p>El profesor Santiago Portes, qued\u00f3 juramentado nueva vez como presidente del Consejo de Administraci\u00f3n, mientras que el Consejo de Vigilancia y el Comit\u00e9 de Cr\u00e9dito, seguir\u00e1n siendo dirigidos por Francisco Santana y Jos\u00e9 Fabio Dur\u00e1n, respectivamente. Santo Domingo. \u2013 En el marco de la celebraci\u00f3n de la Quincuag\u00e9sima Cuarta Asamblea General Ordinaria de Delegados fueron [&hellip;]<\/p>\n","protected":false},"author":1,"featured_media":2156,"comment_status":"open","ping_status":"open","sticky":false,"template":"","format":"standard","meta":{"footnotes":""},"categories":[32],"tags":[],"class_list":{"0":"post-2155","1":"post","2":"type-post","3":"status-publish","4":"format-standard","5":"has-post-thumbnail","7":"category-actualidad"},"_links":{"self":[{"href":"https:\/\/elpueblo.com.do\/api-json\/wp\/v2\/posts\/2155","targetHints":{"allow":["GET"]}}],"collection":[{"href":"https:\/\/elpueblo.com.do\/api-json\/wp\/v2\/posts"}],"about":[{"href":"https:\/\/elpueblo.com.do\/api-json\/wp\/v2\/types\/post"}],"author":[{"embeddable":true,"href":"https:\/\/elpueblo.com.do\/api-json\/wp\/v2\/users\/1"}],"replies":[{"embeddable":true,"href":"https:\/\/elpueblo.com.do\/api-json\/wp\/v2\/comments?post=2155"}],"version-history":[{"count":0,"href":"https:\/\/elpueblo.com.do\/api-json\/wp\/v2\/posts\/2155\/revisions"}],"wp:featuredmedia":[{"embeddable":true,"href":"https:\/\/elpueblo.com.do\/api-json\/wp\/v2\/media\/2156"}],"wp:attachment":[{"href":"https:\/\/elpueblo.com.do\/api-json\/wp\/v2\/media?parent=2155"}],"wp:term":[{"taxonomy":"category","embeddable":true,"href":"https:\/\/elpueblo.com.do\/api-json\/wp\/v2\/categories?post=2155"},{"taxonomy":"post_tag","embeddable":true,"href":"https:\/\/elpueblo.com.do\/api-json\/wp\/v2\/tags?post=2155"}],"curies":[{"name":"wp","href":"https:\/\/api.w.org\/{rel}","templated":true}]}}