{"id":2150,"date":"2025-10-05T15:02:05","date_gmt":"2025-10-05T19:02:05","guid":{"rendered":"https:\/\/elpueblo.com.do\/?p=2150"},"modified":"2025-10-05T15:02:06","modified_gmt":"2025-10-05T19:02:06","slug":"ministerio-de-defensa-y-adeofa-realizan-taller-para-padres-de-ninos-con-autismo","status":"publish","type":"post","link":"https:\/\/elpueblo.com.do\/actualidad\/ministerio-de-defensa-y-adeofa-realizan-taller-para-padres-de-ninos-con-autismo\/2150\/","title":{"rendered":"Ministerio de Defensa y ADEOFA realizan taller para padres de ni\u00f1os con autismo"},"content":{"rendered":"\n<p>A trav\u00e9s del Centro de Atenci\u00f3n Integral de las Fuerzas Armadas (CAIFFAA), el Ministerio de Defensa (MIDE) y la Asociaci\u00f3n Dominicana de Esposas de Oficiales de las Fuerzas Armadas (ADEOFA) impartieron el taller \u201cComprendiendo y Acompa\u00f1ando el Desarrollo de Ni\u00f1os con Autismo\u201d, con el objetivo de brindar herramientas pr\u00e1cticas a familias y cuidadores de ni\u00f1os diagnosticados con autismo.<\/p>\n\n\n\n<p>La actividad fue encabezada por el teniente general Carlos A. Fern\u00e1ndez Onofre, ERD, ministro de Defensa, junto a la se\u00f1ora Varinnia Dur\u00e1n de Fern\u00e1ndez, presidenta de la Asociaci\u00f3n Dominicana de Esposas de Oficiales de las Fuerzas Armadas (ADEOFA), quien, en sus palabras de apertura, destac\u00f3 que esta iniciativa fue dise\u00f1ada para ofrecer conocimientos s\u00f3lidos y recursos \u00fatiles, respaldados por profesionales especializados. \u201cNuestro compromiso es que este taller les brinde claridad, seguridad y acompa\u00f1amiento en el proceso de crianza y apoyo a sus hijos\u201d.<\/p>\n\n\n\n<p>Asimismo, reconoci\u00f3 los desaf\u00edos cotidianos que enfrentan las familias, como la falta de orientaci\u00f3n personalizada y la incertidumbre ante el diagn\u00f3stico. \u201cEl prop\u00f3sito es precisamente ese: llenar esos vac\u00edos, actualizar conocimientos y compartir herramientas pr\u00e1cticas relacionadas con el desarrollo, la comunicaci\u00f3n, el manejo conductual y el autocuidado, para que cada familia se sienta m\u00e1s segura, capacitada y acompa\u00f1ada\u201d, agreg\u00f3.<\/p>\n\n\n\n<p>La jornada se llev\u00f3 a cabo en el Sal\u00f3n Pepillo Salcedo de la Escuela de Graduados de Doctrina Conjunta, con la participaci\u00f3n de expertos en \u00e1reas clave del desarrollo infantil. Los padres y tutores recibieron una orientaci\u00f3n psicoeducativa integral por parte de los especialistas Nicole Beauchamp H., psic\u00f3loga general y directora de Un Mundo Diferente RD; Clarissa Desiree Guti\u00e9rrez Gonz\u00e1lez, neuropsic\u00f3loga cl\u00ednica; Briant Taveras, terapeuta familiar y conductual as\u00ed como los directores de los centros CAIFFAA, CAIFFA-ERD y CAIFFA-ARD.<\/p>\n\n\n\n<p>Durante el encuentro, se abordaron temas esenciales como la comprensi\u00f3n del diagn\u00f3stico de autismo, la importancia de la comunicaci\u00f3n efectiva, el manejo de la conducta y la disciplina, el uso responsable de las pantallas, as\u00ed como la promoci\u00f3n de la higiene y la autonom\u00eda en los ni\u00f1os.<\/p>\n\n\n\n<p>El Centro de Atenci\u00f3n Integral de las Fuerzas Armadas (CAIFFAA), dependencia del MIDE, brinda atenci\u00f3n integral a ni\u00f1os y sus familias, con \u00e9nfasis en los trastornos del neurodesarrollo \u2014especialmente el TEA\u2014. Ofrece programas personalizados con terapias psicopedag\u00f3gicas y conductuales, evaluaciones integrales para detecci\u00f3n oportuna, atenci\u00f3n temprana y orientaci\u00f3n a familias, a cargo de especialistas altamente capacitados.<\/p>\n\n\n\n<p>Con esta iniciativa, el CAIFFAA ratifica su compromiso con el acompa\u00f1amiento y el apoyo a las familias, promoviendo una crianza informada, estrategias efectivas y el fortalecimiento de la inclusi\u00f3n y el bienestar de los ni\u00f1os con esta condici\u00f3n.<\/p>\n","protected":false},"excerpt":{"rendered":"<p>A trav\u00e9s del Centro de Atenci\u00f3n Integral de las Fuerzas Armadas (CAIFFAA), el Ministerio de Defensa (MIDE) y la Asociaci\u00f3n Dominicana de Esposas de Oficiales de las Fuerzas Armadas (ADEOFA) impartieron el taller \u201cComprendiendo y Acompa\u00f1ando el Desarrollo de Ni\u00f1os con Autismo\u201d, con el objetivo de brindar herramientas pr\u00e1cticas a familias y cuidadores de ni\u00f1os [&hellip;]<\/p>\n","protected":false},"author":1,"featured_media":2151,"comment_status":"open","ping_status":"open","sticky":false,"template":"","format":"standard","meta":{"footnotes":""},"categories":[32],"tags":[],"class_list":{"0":"post-2150","1":"post","2":"type-post","3":"status-publish","4":"format-standard","5":"has-post-thumbnail","7":"category-actualidad"},"_links":{"self":[{"href":"https:\/\/elpueblo.com.do\/api-json\/wp\/v2\/posts\/2150","targetHints":{"allow":["GET"]}}],"collection":[{"href":"https:\/\/elpueblo.com.do\/api-json\/wp\/v2\/posts"}],"about":[{"href":"https:\/\/elpueblo.com.do\/api-json\/wp\/v2\/types\/post"}],"author":[{"embeddable":true,"href":"https:\/\/elpueblo.com.do\/api-json\/wp\/v2\/users\/1"}],"replies":[{"embeddable":true,"href":"https:\/\/elpueblo.com.do\/api-json\/wp\/v2\/comments?post=2150"}],"version-history":[{"count":0,"href":"https:\/\/elpueblo.com.do\/api-json\/wp\/v2\/posts\/2150\/revisions"}],"wp:featuredmedia":[{"embeddable":true,"href":"https:\/\/elpueblo.com.do\/api-json\/wp\/v2\/media\/2151"}],"wp:attachment":[{"href":"https:\/\/elpueblo.com.do\/api-json\/wp\/v2\/media?parent=2150"}],"wp:term":[{"taxonomy":"category","embeddable":true,"href":"https:\/\/elpueblo.com.do\/api-json\/wp\/v2\/categories?post=2150"},{"taxonomy":"post_tag","embeddable":true,"href":"https:\/\/elpueblo.com.do\/api-json\/wp\/v2\/tags?post=2150"}],"curies":[{"name":"wp","href":"https:\/\/api.w.org\/{rel}","templated":true}]}}