{"id":2147,"date":"2025-10-05T14:18:14","date_gmt":"2025-10-05T18:18:14","guid":{"rendered":"https:\/\/elpueblo.com.do\/?p=2147"},"modified":"2025-10-05T14:18:15","modified_gmt":"2025-10-05T18:18:15","slug":"paliza-en-solo-5-anos-pasamos-de-8-centros-de-infotep-a-62-en-todo-el-pais","status":"publish","type":"post","link":"https:\/\/elpueblo.com.do\/actualidad\/paliza-en-solo-5-anos-pasamos-de-8-centros-de-infotep-a-62-en-todo-el-pais\/2147\/","title":{"rendered":"Paliza: en solo 5 a\u00f1os pasamos de 8 centros de INFOTEP a 62 en todo el pa\u00eds"},"content":{"rendered":"\n<p><em>El ministro de la Presidencia inaugur\u00f3 nuevo plantel en Jarabacoa.<\/em><\/p>\n\n\n\n<p><em>Jarabacoa, La Vega, 4 de octubre de 2025.-<\/em> El ministro de la Presidencia, Jos\u00e9 Ignacio Paliza, encabez\u00f3 la inauguraci\u00f3n de un nuevo centro del Instituto Nacional de Formaci\u00f3n T\u00e9cnico Profesional (INFOTEP), ubicado en Jarabacoa, provincia La Vega. Con esta apertura, el Gobierno del presidente Luis Abinader ha logrado incrementar, en cinco a\u00f1os, de 8 a 62 centros en todo el pa\u00eds, distribuidos entre las direcciones regionales Cibao Norte, Cibao Sur, Este, Metropolitana, Oriental y Sur.<\/p>\n\n\n\n<p>El ministro Paliza explic\u00f3 que el Gobierno ha priorizado la educaci\u00f3n t\u00e9cnica y la generaci\u00f3n de oportunidades para la juventud dominicana dentro de su plan de gesti\u00f3n del presente cuatrenio.<\/p>\n\n\n\n<p>\u201cCada uno de los centros que ha creado el INFOTEP est\u00e1 destinado a formar a las futuras generaciones y a preparar, con el tiempo, a hombres y mujeres que puedan contribuir al desarrollo de la Rep\u00fablica Dominicana\u201d, manifest\u00f3 Paliza.<\/p>\n\n\n\n<p>El nuevo Centro Tecnol\u00f3gico Mario Nelson Gal\u00e1n Dur\u00e1n cuenta con modernas instalaciones que incluyen un taller de electricidad, un taller de inform\u00e1tica, dos aulas para formaci\u00f3n acad\u00e9mica, oficinas para encargados, un \u00e1rea destinada a servicios de tecnolog\u00edas de la informaci\u00f3n y la comunicaci\u00f3n (TIC), una divisi\u00f3n administrativa y una cocina, para garantizar de este modo un espacio integral y funcional para la ense\u00f1anza.<\/p>\n\n\n\n<p>\u201cEste centro que hoy inauguramos es una herramienta fundamental para entregar a cada uno de sus ciudadanos las oportunidades necesarias para hacer de Jarabacoa un lugar que trascienda m\u00e1s all\u00e1\u201d, expres\u00f3 Paliza.<\/p>\n\n\n\n<p>De su lado, el director general del INFOTEP, Rafael Santos Bad\u00eda, explic\u00f3 que esta inauguraci\u00f3n corresponde a una primera etapa y que en el futuro se contempla la ampliaci\u00f3n del edificio, con el objetivo de diversificar la oferta acad\u00e9mica y ampliar la cobertura para el beneficio de la regi\u00f3n.<\/p>\n\n\n\n<p>Con la puesta en funcionamiento de este nuevo espacio de ense\u00f1anza, el Gobierno reitera su prioridad de aunar esfuerzos para acercar la educaci\u00f3n t\u00e9cnico-profesional a los municipios y provincias del pa\u00eds, y de esta manera fomentar el desarrollo local y la empleabilidad.<\/p>\n\n\n\n<p><em>Direcci\u00f3n de Comunicaciones<\/em><br><em>Ministerio de la Presidencia<\/em><\/p>\n","protected":false},"excerpt":{"rendered":"<p>El ministro de la Presidencia inaugur\u00f3 nuevo plantel en Jarabacoa. Jarabacoa, La Vega, 4 de octubre de 2025.- El ministro de la Presidencia, Jos\u00e9 Ignacio Paliza, encabez\u00f3 la inauguraci\u00f3n de un nuevo centro del Instituto Nacional de Formaci\u00f3n T\u00e9cnico Profesional (INFOTEP), ubicado en Jarabacoa, provincia La Vega. Con esta apertura, el Gobierno del presidente Luis [&hellip;]<\/p>\n","protected":false},"author":1,"featured_media":2148,"comment_status":"open","ping_status":"open","sticky":false,"template":"","format":"standard","meta":{"footnotes":""},"categories":[32],"tags":[],"class_list":{"0":"post-2147","1":"post","2":"type-post","3":"status-publish","4":"format-standard","5":"has-post-thumbnail","7":"category-actualidad"},"_links":{"self":[{"href":"https:\/\/elpueblo.com.do\/api-json\/wp\/v2\/posts\/2147","targetHints":{"allow":["GET"]}}],"collection":[{"href":"https:\/\/elpueblo.com.do\/api-json\/wp\/v2\/posts"}],"about":[{"href":"https:\/\/elpueblo.com.do\/api-json\/wp\/v2\/types\/post"}],"author":[{"embeddable":true,"href":"https:\/\/elpueblo.com.do\/api-json\/wp\/v2\/users\/1"}],"replies":[{"embeddable":true,"href":"https:\/\/elpueblo.com.do\/api-json\/wp\/v2\/comments?post=2147"}],"version-history":[{"count":0,"href":"https:\/\/elpueblo.com.do\/api-json\/wp\/v2\/posts\/2147\/revisions"}],"wp:featuredmedia":[{"embeddable":true,"href":"https:\/\/elpueblo.com.do\/api-json\/wp\/v2\/media\/2148"}],"wp:attachment":[{"href":"https:\/\/elpueblo.com.do\/api-json\/wp\/v2\/media?parent=2147"}],"wp:term":[{"taxonomy":"category","embeddable":true,"href":"https:\/\/elpueblo.com.do\/api-json\/wp\/v2\/categories?post=2147"},{"taxonomy":"post_tag","embeddable":true,"href":"https:\/\/elpueblo.com.do\/api-json\/wp\/v2\/tags?post=2147"}],"curies":[{"name":"wp","href":"https:\/\/api.w.org\/{rel}","templated":true}]}}