{"id":2144,"date":"2025-10-05T14:07:18","date_gmt":"2025-10-05T18:07:18","guid":{"rendered":"https:\/\/elpueblo.com.do\/?p=2144"},"modified":"2025-10-05T14:07:19","modified_gmt":"2025-10-05T18:07:19","slug":"presidente-luis-abinader-hoy-la-republica-dominicana-es-el-mejor-lugar-para-invertir-en-toda-latinoamerica","status":"publish","type":"post","link":"https:\/\/elpueblo.com.do\/actualidad\/presidente-luis-abinader-hoy-la-republica-dominicana-es-el-mejor-lugar-para-invertir-en-toda-latinoamerica\/2144\/","title":{"rendered":"Presidente Luis Abinader: \u201cHoy la Rep\u00fablica Dominicana es el mejor lugar para invertir en toda Latinoam\u00e9rica\u201d"},"content":{"rendered":"\n<p><em>Frank El\u00edas Rainieri valora el respaldo del presidente Abinader y su gobierno al fortalecimiento del turismo dominicano.<\/em><\/p>\n\n\n\n<p><em>Ministro de Turismo destaca es el primer resort de la marca W Hotels en el mundo bajo el concepto \u201ctodo incluido, solo para adultos\u201d.<\/em><\/p>\n\n\n\n<p>La Altagracia.- El presidente Luis Abinader asegur\u00f3 que hoy la Rep\u00fablica Dominicana es el mejor lugar de Latinoam\u00e9rica para invertir, durante el acto de inauguraci\u00f3n del W Punta Cana, Adult All-Inclusive, cuya inversi\u00f3n fue de USD 160 millones.<\/p>\n\n\n\n<p>Durante su discurso, el mandatario destac\u00f3 el impacto positivo que este tipo de inversiones tiene en el desarrollo tur\u00edstico y econ\u00f3mico del pa\u00eds, al tiempo de resaltar que este hotel inici\u00f3 en momentos d\u00edficiles durante la pandemia de la Covid-19.<\/p>\n\n\n\n<p>Dijo que en los \u00faltimos a\u00f1os las cadenas hoteleras norteamericanas han crecido en Rep\u00fablica Dominicana, situando al pa\u00eds como el segundo con m\u00e1s inversi\u00f3n estadounidense de Am\u00e9rica Latina, solo superado por M\u00e9xico.<\/p>\n\n\n\n<p>Asimismo, indic\u00f3 que en la actualidad hay 15,000 habitaciones tur\u00edsticas en construcci\u00f3n, de las cuales unas 6,000 ser\u00edan inauguradas este a\u00f1o, impulsando la generaci\u00f3n de empleos de calidad y estabilidad econ\u00f3mica para los dominicanos.<\/p>\n\n\n\n<p>El nuevo complejo hotelero, ubicado en zona de Uvero Alto y desarrollado por medio de una colaboraci\u00f3n estrat\u00e9gica entre Marriott International, Grupo Puntacana y Mac Hotels, cuenta con 340 habitaciones y suites, 12 restaurantes que celebran la riqueza de la gastronom\u00eda dominicana e internacional, un <em>AWAY Spa<\/em> con instalaciones y experiencias inmersivas dise\u00f1adas exclusivamente para adultos, enfocadas en m\u00fasica, el bienestar y el dise\u00f1o vanguardista.<\/p>\n\n\n\n<p><em>Apoyo del Gobierno en el sector tur\u00edstico<\/em><\/p>\n\n\n\n<p>Durante las palabras de bienvenida, Frank El\u00edas Rainieri, presidente y CEO de Grupo Puntacana, destac\u00f3 el respaldo del Gobierno dominicano al desarrollo del turismo nacional, se\u00f1alando que \u201cel presidente Luis Abinader y su gobierno han brindado un apoyo constante al turismo, sector que hoy es ejemplo de liderazgo y resiliencia en toda la regi\u00f3n\u201d.<\/p>\n\n\n\n<p>De su lado, el ministro de Turismo, David Collado, celebr\u00f3 la llegada de una marca ic\u00f3nica como W Hotels al portafolio dominicano y destac\u00f3 que se integra al sistema todo incluido.<\/p>\n\n\n\n<p>Dijo que el turismo dominicano se encuentra en el mejor momento de su historia, a pesar de la disminuci\u00f3n de llegada de visitantes de los Estados Unidos, que ha sido suplida por sudamericanos y recuperaci\u00f3n del mercado europeo.<\/p>\n\n\n\n<p><em>Pa\u00eds es estrat\u00e9gico para la marca Marriot<\/em><\/p>\n\n\n\n<p>El presidente de Marriott International para el Caribe y Latinoam\u00e9rica, Brian King, destac\u00f3 la relevancia estrat\u00e9gica que representa el mercado dominicano para<br>Marriott International.<\/p>\n\n\n\n<p>El ejecutivo reafirm\u00f3 la visi\u00f3n de la compa\u00f1\u00eda de continuar fortaleciendo el destino con proyectos emblem\u00e1ticos y la incorporaci\u00f3n de las marcas m\u00e1s reconocidas del portafolio Marriott Bonvoy.<\/p>\n\n\n\n<p>De su lado, Bego\u00f1a Amengual, CEO de Mac Hotels, agradeci\u00f3 al presidente por apostar al desarrollo del sector con incentivos a nuevos desarrollos para contribuir con crecimiento de los aportes del turismo al PIB con su consecuente creaci\u00f3n de empleos.<\/p>\n\n\n\n<p>Del acto participaron la gobernadora de la provincia La Altagracia, Daisy D&#8217; Oleo; el director de la Polic\u00eda Tur\u00edstica, Minoru Matsunaga.<\/p>\n\n\n\n<p><em>Direcci\u00f3n de Prensa del Presidente<\/em><\/p>\n","protected":false},"excerpt":{"rendered":"<p>Frank El\u00edas Rainieri valora el respaldo del presidente Abinader y su gobierno al fortalecimiento del turismo dominicano. Ministro de Turismo destaca es el primer resort de la marca W Hotels en el mundo bajo el concepto \u201ctodo incluido, solo para adultos\u201d. La Altagracia.- El presidente Luis Abinader asegur\u00f3 que hoy la Rep\u00fablica Dominicana es el [&hellip;]<\/p>\n","protected":false},"author":1,"featured_media":2145,"comment_status":"open","ping_status":"open","sticky":false,"template":"","format":"standard","meta":{"footnotes":""},"categories":[32],"tags":[],"class_list":{"0":"post-2144","1":"post","2":"type-post","3":"status-publish","4":"format-standard","5":"has-post-thumbnail","7":"category-actualidad"},"_links":{"self":[{"href":"https:\/\/elpueblo.com.do\/api-json\/wp\/v2\/posts\/2144","targetHints":{"allow":["GET"]}}],"collection":[{"href":"https:\/\/elpueblo.com.do\/api-json\/wp\/v2\/posts"}],"about":[{"href":"https:\/\/elpueblo.com.do\/api-json\/wp\/v2\/types\/post"}],"author":[{"embeddable":true,"href":"https:\/\/elpueblo.com.do\/api-json\/wp\/v2\/users\/1"}],"replies":[{"embeddable":true,"href":"https:\/\/elpueblo.com.do\/api-json\/wp\/v2\/comments?post=2144"}],"version-history":[{"count":0,"href":"https:\/\/elpueblo.com.do\/api-json\/wp\/v2\/posts\/2144\/revisions"}],"wp:featuredmedia":[{"embeddable":true,"href":"https:\/\/elpueblo.com.do\/api-json\/wp\/v2\/media\/2145"}],"wp:attachment":[{"href":"https:\/\/elpueblo.com.do\/api-json\/wp\/v2\/media?parent=2144"}],"wp:term":[{"taxonomy":"category","embeddable":true,"href":"https:\/\/elpueblo.com.do\/api-json\/wp\/v2\/categories?post=2144"},{"taxonomy":"post_tag","embeddable":true,"href":"https:\/\/elpueblo.com.do\/api-json\/wp\/v2\/tags?post=2144"}],"curies":[{"name":"wp","href":"https:\/\/api.w.org\/{rel}","templated":true}]}}