{"id":2141,"date":"2025-10-01T19:11:09","date_gmt":"2025-10-01T23:11:09","guid":{"rendered":"https:\/\/elpueblo.com.do\/?p=2141"},"modified":"2025-10-01T19:11:10","modified_gmt":"2025-10-01T23:11:10","slug":"coopnama-anuncia-calendario-de-evaluaciones-para-el-programa-nacional-de-becas","status":"publish","type":"post","link":"https:\/\/elpueblo.com.do\/actualidad\/coopnama-anuncia-calendario-de-evaluaciones-para-el-programa-nacional-de-becas\/2141\/","title":{"rendered":"COOPNAMA ANUNCIA CALENDARIO DE EVALUACIONES PARA EL PROGRAMA NACIONAL DE BECAS"},"content":{"rendered":"\n<p>El Programa Nacional de Becas de la Cooperativa de Maestros tiene alianzas estrat\u00e9gicas con m\u00e1s de 20 universidades de todo el pa\u00eds. Y se encamina a convertirse en un programa para becas internacionales.<\/p>\n\n\n\n<p>Santo Domingo, R.D.- La Cooperativa Nacional de Servicios M\u00faltiples de los Maestros (COOPNAMA), anunci\u00f3 el calendario oficial para evaluar a hijos e hijas de sus asociados aspirantes al Programa Nacional de Becas, quienes podr\u00e1n cursar carreras universitarias completamente cubiertas por la instituci\u00f3n.<br>Las jornadas de evaluaciones del periodo 2025 iniciar\u00e1n a nivel nacional, el viernes 7 de noviembre con la regi\u00f3n Este; seguido de zona Sur el martes 11 del mismo mes; mientras que los aspirantes de la regi\u00f3n Suroeste se evaluar\u00e1n el mi\u00e9rcoles 12.<br>En tanto que las regiones Norte II, Noroeste, Norte I, Nornordeste se examinar\u00e1n los d\u00edas martes 18, mi\u00e9rcoles 19 y jueves 20 de noviembre, respectivamente.<\/p>\n\n\n\n<p>Las regiones Nordeste III y Nordeste I, se evaluar\u00e1n los d\u00edas mi\u00e9rcoles 26 y jueves 27 de noviembre, correspondientemente.<\/p>\n\n\n\n<p>Los aspirantes que conforman las regiones Santo Domingo I y II, se evaluar\u00e1n el martes 2 de diciembre, Santo Domingo III y IV tomar\u00e1n las pruebas el jueves 4 del mismo mes.<\/p>\n\n\n\n<p>Asimismo, los de las regiones Santo Domingo V y VI recibir\u00e1n sus evaluaciones los d\u00edas martes 9 y mi\u00e9rcoles 10 del mes de diciembre, respectivamente.<\/p>\n\n\n\n<p>En el caso de las regiones Sureste y Nordeste II, los j\u00f3venes ser\u00e1n evaluados el jueves 11 de diciembre concluyendo con el calendario.<\/p>\n\n\n\n<p>El presidente de COOPNAMA, profesor Santiago Portes, resalt\u00f3 que la instituci\u00f3n ha concentrado todos sus esfuerzos en sus programas de responsabilidad social, siendo el m\u00e1s destacado el Programa Nacional de Becas, el m\u00e1s grande a nivel no gubernamental que se ejecuta en el pa\u00eds.<\/p>\n\n\n\n<p>Portes expres\u00f3 que este programa persigue que los hijos de los socios puedan cursar una carrera universitaria con todos los gastos asumidos por la instituci\u00f3n. \u201cHasta el d\u00eda de hoy, el Programa Nacional de Becas, ha invertido desde sus inicios en el a\u00f1o 2008, m\u00e1s de 3 mil 45 millones de pesos\u201d, dijo.<br>\u201cHemos otorgado a la fecha 4,411 becas universitarias, de las cuales ya contamos con un total de 2,013 profesionales que se han graduado en distintas carreras, hijos e hijas de maestros, maestras y del personal administrativo del sistema educativo nacional\u201d, apunt\u00f3 Portes.<br>El Programa Nacional de Becas de la Cooperativa de Maestros tiene alianzas estrat\u00e9gicas con m\u00e1s de 20 universidades de todo el pa\u00eds. Y se perfila a su vez como un programa internacional, debido a los acuerdos que ha venido realizando la instituci\u00f3n con las diferentes casas de estudios de varios pa\u00edses.<br>El Prof. Manuel Eduardo Romero, gerente de Gesti\u00f3n Acad\u00e9mica precis\u00f3 que los centros universitarios donde podr\u00e1n cursar sus carreras los bachilleres becados son: Universidad Aut\u00f3noma de Santo Domingo (UASD); Tecnol\u00f3gica de Santiago (UTESA); Cat\u00f3lica de Santo Domingo (UCSD); Central del Este (UCE); Nacional Pedro Henr\u00edquez Ure\u00f1a (UNPHU); Dominicana O &amp; M; Cat\u00f3lica Nordestana (UCNE) y Cat\u00f3lica Tecnol\u00f3gica del Cibao (UCATECI).<br>Adem\u00e1s, la Universidad ISA; Nacional Evang\u00e9lica (UNEV); Adventista Dominicana (UNAD); Odontol\u00f3gica Dominicana (UOD); Cat\u00f3lica Tecnol\u00f3gica de Barahona (UCATEBA); Cat\u00f3lica del Cibao Oriental (UTECO). Tambi\u00e9n Pontificia Universidad Cat\u00f3lica Madre y Maestra (PUCMM); Universidad el Caribe (UNICARIBE); Abierta para Adultos (UAPA); los Institutos Loyola; Tecnol\u00f3gico de Santo Domingo (INTEC) y Tecnol\u00f3gico de Las Am\u00e9ricas (ITLA).<\/p>\n","protected":false},"excerpt":{"rendered":"<p>El Programa Nacional de Becas de la Cooperativa de Maestros tiene alianzas estrat\u00e9gicas con m\u00e1s de 20 universidades de todo el pa\u00eds. Y se encamina a convertirse en un programa para becas internacionales. Santo Domingo, R.D.- La Cooperativa Nacional de Servicios M\u00faltiples de los Maestros (COOPNAMA), anunci\u00f3 el calendario oficial para evaluar a hijos e [&hellip;]<\/p>\n","protected":false},"author":1,"featured_media":2142,"comment_status":"open","ping_status":"open","sticky":false,"template":"","format":"standard","meta":{"footnotes":""},"categories":[32],"tags":[],"class_list":{"0":"post-2141","1":"post","2":"type-post","3":"status-publish","4":"format-standard","5":"has-post-thumbnail","7":"category-actualidad"},"_links":{"self":[{"href":"https:\/\/elpueblo.com.do\/api-json\/wp\/v2\/posts\/2141","targetHints":{"allow":["GET"]}}],"collection":[{"href":"https:\/\/elpueblo.com.do\/api-json\/wp\/v2\/posts"}],"about":[{"href":"https:\/\/elpueblo.com.do\/api-json\/wp\/v2\/types\/post"}],"author":[{"embeddable":true,"href":"https:\/\/elpueblo.com.do\/api-json\/wp\/v2\/users\/1"}],"replies":[{"embeddable":true,"href":"https:\/\/elpueblo.com.do\/api-json\/wp\/v2\/comments?post=2141"}],"version-history":[{"count":0,"href":"https:\/\/elpueblo.com.do\/api-json\/wp\/v2\/posts\/2141\/revisions"}],"wp:featuredmedia":[{"embeddable":true,"href":"https:\/\/elpueblo.com.do\/api-json\/wp\/v2\/media\/2142"}],"wp:attachment":[{"href":"https:\/\/elpueblo.com.do\/api-json\/wp\/v2\/media?parent=2141"}],"wp:term":[{"taxonomy":"category","embeddable":true,"href":"https:\/\/elpueblo.com.do\/api-json\/wp\/v2\/categories?post=2141"},{"taxonomy":"post_tag","embeddable":true,"href":"https:\/\/elpueblo.com.do\/api-json\/wp\/v2\/tags?post=2141"}],"curies":[{"name":"wp","href":"https:\/\/api.w.org\/{rel}","templated":true}]}}