{"id":2134,"date":"2025-09-29T16:02:17","date_gmt":"2025-09-29T20:02:17","guid":{"rendered":"https:\/\/elpueblo.com.do\/?p=2134"},"modified":"2025-09-29T16:02:18","modified_gmt":"2025-09-29T20:02:18","slug":"carolina-mejia-comparte-su-vision-sobre-el-acceso-a-tecnologia-de-punta","status":"publish","type":"post","link":"https:\/\/elpueblo.com.do\/actualidad\/carolina-mejia-comparte-su-vision-sobre-el-acceso-a-tecnologia-de-punta\/2134\/","title":{"rendered":"Carolina Mej\u00eda comparte su visi\u00f3n sobre el acceso a tecnolog\u00eda de punta"},"content":{"rendered":"\n<p>En el acto formal de presentaci\u00f3n del programa <em>EmprendeLab 2025<\/em> la Alcaldesa <em>Carolina Mej\u00eda<\/em> valora la iniciativa y afirma que la formaci\u00f3n y acceso a las nuevas herramientas y tecnolog\u00edas deben ser un derecho para todos los emprendedores.<\/p>\n\n\n\n<p>\u2028En su participaci\u00f3n en <em>EmprendeLab 2025, organizado por Promipyme<\/em> en Santo Domingo, propuso la creaci\u00f3n de programas que garanticen herramientas digitales, inteligencia artificial y plataformas de innovaci\u00f3n para convertir ideas en proyectos reales, destacando tambi\u00e9n la expansi\u00f3n de la red 5G en todo el pa\u00eds.<\/p>\n\n\n\n<p>A juicio de la precursora de Centro Futuro, \u201cDebemos garantizar que cada joven con una idea factible tenga los recursos para convertirla en realidad.\u201d, puntualiz\u00f3 Mej\u00eda.<\/p>\n","protected":false},"excerpt":{"rendered":"<p>En el acto formal de presentaci\u00f3n del programa EmprendeLab 2025 la Alcaldesa Carolina Mej\u00eda valora la iniciativa y afirma que la formaci\u00f3n y acceso a las nuevas herramientas y tecnolog\u00edas deben ser un derecho para todos los emprendedores. \u2028En su participaci\u00f3n en EmprendeLab 2025, organizado por Promipyme en Santo Domingo, propuso la creaci\u00f3n de programas [&hellip;]<\/p>\n","protected":false},"author":1,"featured_media":1968,"comment_status":"open","ping_status":"open","sticky":false,"template":"","format":"standard","meta":{"footnotes":""},"categories":[32],"tags":[],"class_list":{"0":"post-2134","1":"post","2":"type-post","3":"status-publish","4":"format-standard","5":"has-post-thumbnail","7":"category-actualidad"},"_links":{"self":[{"href":"https:\/\/elpueblo.com.do\/api-json\/wp\/v2\/posts\/2134","targetHints":{"allow":["GET"]}}],"collection":[{"href":"https:\/\/elpueblo.com.do\/api-json\/wp\/v2\/posts"}],"about":[{"href":"https:\/\/elpueblo.com.do\/api-json\/wp\/v2\/types\/post"}],"author":[{"embeddable":true,"href":"https:\/\/elpueblo.com.do\/api-json\/wp\/v2\/users\/1"}],"replies":[{"embeddable":true,"href":"https:\/\/elpueblo.com.do\/api-json\/wp\/v2\/comments?post=2134"}],"version-history":[{"count":0,"href":"https:\/\/elpueblo.com.do\/api-json\/wp\/v2\/posts\/2134\/revisions"}],"wp:featuredmedia":[{"embeddable":true,"href":"https:\/\/elpueblo.com.do\/api-json\/wp\/v2\/media\/1968"}],"wp:attachment":[{"href":"https:\/\/elpueblo.com.do\/api-json\/wp\/v2\/media?parent=2134"}],"wp:term":[{"taxonomy":"category","embeddable":true,"href":"https:\/\/elpueblo.com.do\/api-json\/wp\/v2\/categories?post=2134"},{"taxonomy":"post_tag","embeddable":true,"href":"https:\/\/elpueblo.com.do\/api-json\/wp\/v2\/tags?post=2134"}],"curies":[{"name":"wp","href":"https:\/\/api.w.org\/{rel}","templated":true}]}}