{"id":2131,"date":"2025-09-23T19:19:50","date_gmt":"2025-09-23T23:19:50","guid":{"rendered":"https:\/\/elpueblo.com.do\/?p=2131"},"modified":"2025-09-23T19:19:50","modified_gmt":"2025-09-23T23:19:50","slug":"exhibiendo-grandes-logros-en-beneficios-de-sus-asociados-coopnama-realizara-54-asamblea-ordinaria-de-delegados","status":"publish","type":"post","link":"https:\/\/elpueblo.com.do\/actualidad\/exhibiendo-grandes-logros-en-beneficios-de-sus-asociados-coopnama-realizara-54-asamblea-ordinaria-de-delegados\/2131\/","title":{"rendered":"EXHIBIENDO GRANDES LOGROS EN BENEFICIOS DE SUS ASOCIADOS COOPNAMA REALIZAR\u00c1 54 ASAMBLEA ORDINARIA DE DELEGADOS"},"content":{"rendered":"\n<p><em>El a\u00f1o 2025 fue proclamado como A\u00f1o Internacional de las Cooperativas, como una validaci\u00f3n global del impacto humano que genera d\u00eda a d\u00eda este sector a nivel mundial.<\/em><\/p>\n\n\n\n<p>Santo Domingo.- La Cooperativa Nacional de Servicios M\u00faltiples de los Maestros (COOPNAMA), celebrar\u00e1 su Quincuag\u00e9sima Cuarta Asamblea General Ordinaria de delegados, exhibiendo logros sobre su balance social y financiero llevando soluciones a miles de familias que son parte del magisterio nacional.<\/p>\n\n\n\n<p>El presidente del Consejo de Administraci\u00f3n, Prof. Santiago Portes, al anunciar la realizaci\u00f3n de la importante actividad, asegur\u00f3 que este ser\u00e1 el escenario id\u00f3neo para dar a conocer las acciones de mayor impacto desarrolladas durante el \u00faltimo a\u00f1o fiscal a favor del bienestar de sus asociados, cantidad que ronda actualmente los 189 mil a nivel nacional.<\/p>\n\n\n\n<p>El evento que ser\u00e1 celebrado en el sal\u00f3n de actos del Hotel COOPMARENA, en Juan Dolio, San Pedro de Macor\u00eds, contar\u00e1 con la participaci\u00f3n de los 322 dirigentes distritales de todo el pa\u00eds.<\/p>\n\n\n\n<p>Portes confirm\u00f3 que la instituci\u00f3n est\u00e1 comprometida con el desarrollo cont\u00ednuo y la mejora de sus servicios, logrando importantes avances que reflejan la misi\u00f3n de apoyar a sus miembros y continuar colaborando con el bienestar de la comunidad.<\/p>\n\n\n\n<p>\u201cEl \u00e9xito de nuestra instituci\u00f3n es resultado del esfuerzo compartido, de una visi\u00f3n inclusiva y de la firme creencia en que la cooperaci\u00f3n multiplica oportunidades y supera l\u00edmites. En la cooperativa de maestros, los n\u00fameros importan, pero lo esencial son las vidas que impactamos\u201d, asegur\u00f3 Portes.<\/p>\n\n\n\n<p>Como parte del amplio programa a desarrollarse, se impartir\u00e1 la conferencia titulada: \u201cLavado de Activos Internacionales en las Cooperativas\u201d, a cargo de la especialista internacional, Alicia Guzm\u00e1n.<\/p>\n\n\n\n<p>En esta ocasi\u00f3n, se dar\u00e1n a conocer los beneficios que ser\u00e1n distribuidos a los socios por concepto de excedentes incluyen: distribuci\u00f3n a los asociados, sostenibilidad y desarrollo institucional, mejor\u00eda en los servicios, reservas para contingencias, donaciones y solidaridad, responsabilidad social, becas para estudios universitarios, protecci\u00f3n y conservaci\u00f3n del medioambiente, entre otros aportes.<\/p>\n\n\n\n<p>La actividad se desarrollar\u00e1 desde el jueves 25 hasta el s\u00e1bado 27 de septiembre, contar\u00e1 con la presencia de distinguidas personalidades del sector magisterial, del cooperativismo nacional e internacional, as\u00ed como funcionarios gubernamentales y congresistas.<\/p>\n","protected":false},"excerpt":{"rendered":"<p>El a\u00f1o 2025 fue proclamado como A\u00f1o Internacional de las Cooperativas, como una validaci\u00f3n global del impacto humano que genera d\u00eda a d\u00eda este sector a nivel mundial. Santo Domingo.- La Cooperativa Nacional de Servicios M\u00faltiples de los Maestros (COOPNAMA), celebrar\u00e1 su Quincuag\u00e9sima Cuarta Asamblea General Ordinaria de delegados, exhibiendo logros sobre su balance social [&hellip;]<\/p>\n","protected":false},"author":1,"featured_media":2132,"comment_status":"open","ping_status":"open","sticky":false,"template":"","format":"standard","meta":{"footnotes":""},"categories":[32],"tags":[],"class_list":{"0":"post-2131","1":"post","2":"type-post","3":"status-publish","4":"format-standard","5":"has-post-thumbnail","7":"category-actualidad"},"_links":{"self":[{"href":"https:\/\/elpueblo.com.do\/api-json\/wp\/v2\/posts\/2131","targetHints":{"allow":["GET"]}}],"collection":[{"href":"https:\/\/elpueblo.com.do\/api-json\/wp\/v2\/posts"}],"about":[{"href":"https:\/\/elpueblo.com.do\/api-json\/wp\/v2\/types\/post"}],"author":[{"embeddable":true,"href":"https:\/\/elpueblo.com.do\/api-json\/wp\/v2\/users\/1"}],"replies":[{"embeddable":true,"href":"https:\/\/elpueblo.com.do\/api-json\/wp\/v2\/comments?post=2131"}],"version-history":[{"count":0,"href":"https:\/\/elpueblo.com.do\/api-json\/wp\/v2\/posts\/2131\/revisions"}],"wp:featuredmedia":[{"embeddable":true,"href":"https:\/\/elpueblo.com.do\/api-json\/wp\/v2\/media\/2132"}],"wp:attachment":[{"href":"https:\/\/elpueblo.com.do\/api-json\/wp\/v2\/media?parent=2131"}],"wp:term":[{"taxonomy":"category","embeddable":true,"href":"https:\/\/elpueblo.com.do\/api-json\/wp\/v2\/categories?post=2131"},{"taxonomy":"post_tag","embeddable":true,"href":"https:\/\/elpueblo.com.do\/api-json\/wp\/v2\/tags?post=2131"}],"curies":[{"name":"wp","href":"https:\/\/api.w.org\/{rel}","templated":true}]}}