{"id":2125,"date":"2025-09-18T11:21:33","date_gmt":"2025-09-18T15:21:33","guid":{"rendered":"https:\/\/elpueblo.com.do\/?p=2125"},"modified":"2025-09-18T11:21:34","modified_gmt":"2025-09-18T15:21:34","slug":"comision-de-medio-ambiente-del-senado-aprueba-resolucion-en-favor-de-la-titulacion-de-familias-de-las-salinas-y-la-proteccion-de-las-dunas-de-bani","status":"publish","type":"post","link":"https:\/\/elpueblo.com.do\/actualidad\/comision-de-medio-ambiente-del-senado-aprueba-resolucion-en-favor-de-la-titulacion-de-familias-de-las-salinas-y-la-proteccion-de-las-dunas-de-bani\/2125\/","title":{"rendered":"Comisi\u00f3n de Medio Ambiente del Senado aprueba Resoluci\u00f3n en favor de la titulaci\u00f3n de familias de Las Salinas y la protecci\u00f3n de las Dunas de Ban\u00ed"},"content":{"rendered":"\n<p>Santo Domingo, R.D. \u2013 16 de septiembre de 2025. La Comisi\u00f3n Permanente de Medio Ambiente y Recursos Naturales del Senado de la Rep\u00fablica aprob\u00f3 este martes una resoluci\u00f3n sometida por el senador de la provincia Peravia, Julito Fulcar Encarnaci\u00f3n, mediante la cual se solicita al Presidente de la Rep\u00fablica instruir a la Comisi\u00f3n Nacional de Titulaci\u00f3n para canalizar y regularizar los derechos de t\u00edtulos de los habitantes de la comunidad de Salinas de Puerto Hermoso, municipio Ban\u00ed, al tiempo que se instruye reforzar la vigilancia y protecci\u00f3n de las Dunas de Ban\u00ed, uno de los ecosistemas m\u00e1s valiosos y singulares del Caribe.<\/p>\n\n\n\n<p>La resoluci\u00f3n aprobada por la Comisi\u00f3n establece de manera categ\u00f3rica que las familias de Salinas de Puerto Hermoso est\u00e1n asentadas hist\u00f3ricamente fuera de los l\u00edmites del \u00e1rea protegida, por lo que el proceso de titulaci\u00f3n no afecta ni compromete en modo alguno el monumento natural de las Dunas de Ban\u00ed. Su prop\u00f3sito es garantizar a estas familias seguridad jur\u00eddica, acceso a cr\u00e9dito, fortalecimiento de su patrimonio familiar y mejores oportunidades de desarrollo, sin poner en riesgo el patrimonio ambiental.<\/p>\n\n\n\n<p>Al referirse a la iniciativa, el senador Julito Fulcar declar\u00f3 y ratific\u00f3 su compromiso con el medio ambiente y, de manera especial, con el cuidado y protecci\u00f3n de las Dunas de Ban\u00ed:<\/p>\n\n\n\n<blockquote class=\"wp-block-quote is-layout-flow wp-block-quote-is-layout-flow\">\n<p>\u201cEste paso representa un acto de justicia social con las familias de Las Salinas, pero al mismo tiempo reafirma nuestro deber de preservar las Dunas como monumento natural de todos los dominicanos. No hay, ni habr\u00e1, afectaci\u00f3n alguna a este valioso ecosistema; por el contrario, reforzamos nuestro compromiso de protegerlo\u201d, afirm\u00f3 el legislador.<\/p>\n<\/blockquote>\n\n\n\n<p>La resoluci\u00f3n adem\u00e1s instruye al Ministerio de Medio Ambiente y Recursos Naturales a redoblar la vigilancia frente a ocupaciones ilegales, extracci\u00f3n de arenas y otras actividades il\u00edcitas, que ponen en riesgo la conservaci\u00f3n de este ecosistema \u00fanico.<\/p>\n\n\n\n<p>Con esta decisi\u00f3n, la Comisi\u00f3n de Medio Ambiente del Senado despeja toda duda o informaci\u00f3n confusa respecto a las Dunas de Ban\u00ed, dejando claramente establecido que la iniciativa legislativa se limita a la titulaci\u00f3n de terrenos fuera del \u00e1rea protegida y a la defensa activa de este monumento natural.<\/p>\n","protected":false},"excerpt":{"rendered":"<p>Santo Domingo, R.D. \u2013 16 de septiembre de 2025. La Comisi\u00f3n Permanente de Medio Ambiente y Recursos Naturales del Senado de la Rep\u00fablica aprob\u00f3 este martes una resoluci\u00f3n sometida por el senador de la provincia Peravia, Julito Fulcar Encarnaci\u00f3n, mediante la cual se solicita al Presidente de la Rep\u00fablica instruir a la Comisi\u00f3n Nacional de [&hellip;]<\/p>\n","protected":false},"author":1,"featured_media":1917,"comment_status":"open","ping_status":"open","sticky":false,"template":"","format":"standard","meta":{"footnotes":""},"categories":[32],"tags":[],"class_list":{"0":"post-2125","1":"post","2":"type-post","3":"status-publish","4":"format-standard","5":"has-post-thumbnail","7":"category-actualidad"},"_links":{"self":[{"href":"https:\/\/elpueblo.com.do\/api-json\/wp\/v2\/posts\/2125","targetHints":{"allow":["GET"]}}],"collection":[{"href":"https:\/\/elpueblo.com.do\/api-json\/wp\/v2\/posts"}],"about":[{"href":"https:\/\/elpueblo.com.do\/api-json\/wp\/v2\/types\/post"}],"author":[{"embeddable":true,"href":"https:\/\/elpueblo.com.do\/api-json\/wp\/v2\/users\/1"}],"replies":[{"embeddable":true,"href":"https:\/\/elpueblo.com.do\/api-json\/wp\/v2\/comments?post=2125"}],"version-history":[{"count":0,"href":"https:\/\/elpueblo.com.do\/api-json\/wp\/v2\/posts\/2125\/revisions"}],"wp:featuredmedia":[{"embeddable":true,"href":"https:\/\/elpueblo.com.do\/api-json\/wp\/v2\/media\/1917"}],"wp:attachment":[{"href":"https:\/\/elpueblo.com.do\/api-json\/wp\/v2\/media?parent=2125"}],"wp:term":[{"taxonomy":"category","embeddable":true,"href":"https:\/\/elpueblo.com.do\/api-json\/wp\/v2\/categories?post=2125"},{"taxonomy":"post_tag","embeddable":true,"href":"https:\/\/elpueblo.com.do\/api-json\/wp\/v2\/tags?post=2125"}],"curies":[{"name":"wp","href":"https:\/\/api.w.org\/{rel}","templated":true}]}}