{"id":2116,"date":"2025-09-10T10:18:55","date_gmt":"2025-09-10T14:18:55","guid":{"rendered":"https:\/\/elpueblo.com.do\/?p=2116"},"modified":"2025-09-10T10:18:56","modified_gmt":"2025-09-10T14:18:56","slug":"alcaldia-del-distrito-nacional-recupera-espacios-publicos-en-villa-consuelo","status":"publish","type":"post","link":"https:\/\/elpueblo.com.do\/actualidad\/alcaldia-del-distrito-nacional-recupera-espacios-publicos-en-villa-consuelo\/2116\/","title":{"rendered":"Alcald\u00eda del Distrito Nacional recupera espacios p\u00fablicos en Villa consuelo"},"content":{"rendered":"\n<p>Santo Domingo, D.N. \u2013 La Alcald\u00eda del Distrito Nacional desarroll\u00f3 un operativo en el que recuper\u00f3 espacios p\u00fablicos este lunes en Villa Consuelo, dando continuaci\u00f3n a su firme compromiso de devolver a los ciudadanos espacios que han sido tomados y utilizados de manera indebida.<\/p>\n\n\n\n<p>Esta iniciativa, que forma parte de la visi\u00f3n de Carolina Mej\u00eda para seguir transformando a la capital, fue encabezada por el teniente coronel Jos\u00e9 An\u00edbal Sanz Melo, director de Defensor\u00eda y Uso de Espacios P\u00fablicos (DUEP), quien junto a brigadas municipales intervino la calle Baltazar de los Reyes esquina S\u00e1nchez Valverde, en el referido barrio, retirando las tarimas colocadas en la acera por un negocio, el cual es reincidente, ya que ha sido intervenido anteriormente.<\/p>\n\n\n\n<p>En ese sentido, el titular de la DUEP inform\u00f3 que se proceder\u00e1 a interponer denuncia formal ante la Fiscal\u00eda Comunitaria del sector para procurar el cierre definitivo de dicho establecimiento, por su negativa a cumplir con las normativas municipales.<\/p>\n\n\n\n<p>La alcaldesa Carolina Mej\u00eda ha sido enf\u00e1tica en que estas acciones buscan darle a los capitale\u00f1os una ciudad m\u00e1s ordenada, inclusiva y accesible.<\/p>\n\n\n\n<p>A trav\u00e9s de numerosos operativos en distintos sectores, la Direcci\u00f3n de Uso y Defensor\u00eda de Espacios P\u00fablicos ha recuperado desde el a\u00f1o 2024 alrededor de 90 mil metros lineales, devolviendo a la gente el derecho de transitar libremente en estos puntos intervenidos.<\/p>\n\n\n\n<p>Con la intervenci\u00f3n de este lunes, la Alcald\u00eda Distrito Nacional reafirma su determinaci\u00f3n de garantizar el respeto a la Ordenanza Municipal 1-2021 y a la Ley 176-07, asegurando que calles y aceras se mantengan libres y en beneficio de todos.<\/p>\n\n\n\n<p><\/p>\n","protected":false},"excerpt":{"rendered":"<p>Santo Domingo, D.N. \u2013 La Alcald\u00eda del Distrito Nacional desarroll\u00f3 un operativo en el que recuper\u00f3 espacios p\u00fablicos este lunes en Villa Consuelo, dando continuaci\u00f3n a su firme compromiso de devolver a los ciudadanos espacios que han sido tomados y utilizados de manera indebida. Esta iniciativa, que forma parte de la visi\u00f3n de Carolina Mej\u00eda [&hellip;]<\/p>\n","protected":false},"author":1,"featured_media":2117,"comment_status":"open","ping_status":"open","sticky":false,"template":"","format":"standard","meta":{"footnotes":""},"categories":[32],"tags":[],"class_list":{"0":"post-2116","1":"post","2":"type-post","3":"status-publish","4":"format-standard","5":"has-post-thumbnail","7":"category-actualidad"},"_links":{"self":[{"href":"https:\/\/elpueblo.com.do\/api-json\/wp\/v2\/posts\/2116","targetHints":{"allow":["GET"]}}],"collection":[{"href":"https:\/\/elpueblo.com.do\/api-json\/wp\/v2\/posts"}],"about":[{"href":"https:\/\/elpueblo.com.do\/api-json\/wp\/v2\/types\/post"}],"author":[{"embeddable":true,"href":"https:\/\/elpueblo.com.do\/api-json\/wp\/v2\/users\/1"}],"replies":[{"embeddable":true,"href":"https:\/\/elpueblo.com.do\/api-json\/wp\/v2\/comments?post=2116"}],"version-history":[{"count":0,"href":"https:\/\/elpueblo.com.do\/api-json\/wp\/v2\/posts\/2116\/revisions"}],"wp:featuredmedia":[{"embeddable":true,"href":"https:\/\/elpueblo.com.do\/api-json\/wp\/v2\/media\/2117"}],"wp:attachment":[{"href":"https:\/\/elpueblo.com.do\/api-json\/wp\/v2\/media?parent=2116"}],"wp:term":[{"taxonomy":"category","embeddable":true,"href":"https:\/\/elpueblo.com.do\/api-json\/wp\/v2\/categories?post=2116"},{"taxonomy":"post_tag","embeddable":true,"href":"https:\/\/elpueblo.com.do\/api-json\/wp\/v2\/tags?post=2116"}],"curies":[{"name":"wp","href":"https:\/\/api.w.org\/{rel}","templated":true}]}}