{"id":2111,"date":"2025-09-09T18:05:13","date_gmt":"2025-09-09T22:05:13","guid":{"rendered":"https:\/\/elpueblo.com.do\/?p=2111"},"modified":"2025-09-09T18:05:15","modified_gmt":"2025-09-09T22:05:15","slug":"senador-fulcar-reitera-las-dunas-de-bani-son-intocables","status":"publish","type":"post","link":"https:\/\/elpueblo.com.do\/actualidad\/senador-fulcar-reitera-las-dunas-de-bani-son-intocables\/2111\/","title":{"rendered":"Senador Fulcar reitera: Las Dunas de Ban\u00ed son intocables."},"content":{"rendered":"\n<p>Atender\u00e1 las inquietudes sobre su proyecto de Resoluci\u00f3n que procura titular familias residentes en Las Salinas, fuera del \u00e1rea protegida.<\/p>\n\n\n\n<p>Santo Domingo, R.D. \u2013 El senador por la provincia Peravia, Julito Fulcar, reafirm\u00f3 este martes su compromiso inquebrantable con la protecci\u00f3n de Las Dunas de Ban\u00ed, al tiempo que aclar\u00f3 el prop\u00f3sito de su propuesta de resoluci\u00f3n presentada ante el Senado de la Rep\u00fablica: \u201clograr la titulaci\u00f3n de tierras a familias que residen hist\u00f3ricamente en la comunidad de Las Salinas, fuera del \u00e1rea protegida de este valioso patrimonio natural\u201d.<\/p>\n\n\n\n<p>\u201cLas Dunas de Ban\u00ed son intocables. He sido y ser\u00e9 siempre su defensor\u201d, asegur\u00f3 el legislador, al explicar que su iniciativa no pone en riesgo este ecosistema \u00fanico, sino que procura justicia social para cientos de familias trabajadoras que han vivido durante generaciones fuera del per\u00edmetro ambientalmente protegido.<\/p>\n\n\n\n<p>Fulcar se\u00f1al\u00f3 que su propuesta se enfoca exclusivamente en lograr la titulaci\u00f3n formal de terrenos ocupados por familias que han edificado sus hogares fuera del \u00e1rea protegida, y que actualmente enfrentan condiciones de inseguridad jur\u00eddica e incluso cargas econ\u00f3micas injustas como el pago de arrendamientos municipales.<\/p>\n\n\n\n<p>\u201cHe luchado por Las Dunas desde los a\u00f1os 80, incluso fui apresado en ese entonces por alzar mi voz en su defensa. Es un compromiso de vida. Esta resoluci\u00f3n no contradice esa lucha, sino que complementa la protecci\u00f3n ambiental con el respeto a los derechos humanos fundamentales, como el derecho a una vivienda digna\u201d, expres\u00f3 el senador.<\/p>\n\n\n\n<p>Asimismo, Fulcar asegur\u00f3 que cualquier aspecto de la resoluci\u00f3n que pudiera prestarse a malas interpretaciones ser\u00e1 revisado, corregido o eliminado, con el fin de garantizar que la iniciativa cuente con el respaldo ciudadano y el aval de quienes defienden los recursos naturales.<\/p>\n\n\n\n<p>\u201cAgradezco a los ciudadanos que han manifestado preocupaciones leg\u00edtimas y saludo su defensa de Las Dunas. Esta propuesta no confronta ni debilita, busca construir consensos y promover una soluci\u00f3n equilibrada: proteger el medioambiente y reconocer la historia y el sacrificio de quienes han vivido durante d\u00e9cadas en Las Salinas\u201d, indic\u00f3.<\/p>\n\n\n\n<p>El senador tambi\u00e9n hizo un llamado al Ayuntamiento de Ban\u00ed para que ponga fin al cobro de arrendamientos a estas familias humildes, e inst\u00f3 a que se sumen a este esfuerzo por garantizarles seguridad jur\u00eddica y dignidad.<\/p>\n\n\n\n<p>\u201cEn Las Salinas laten historias de sacrificio, arraigo y esperanza. Darles sus t\u00edtulos no es regalar nada, es reconocer su derecho leg\u00edtimo. Yo nunca har\u00eda nada que perjudique a Las Dunas, a mi provincia o a mi pa\u00eds\u201d, concluy\u00f3.<\/p>\n\n\n\n<p>La propuesta busca ser un paso hacia una conquista colectiva: la protecci\u00f3n definitiva de Las Dunas de Ban\u00ed y la titulaci\u00f3n justa de familias que por d\u00e9cadas han vivido en armon\u00eda con su entorno natural, fuera del \u00e1rea protegida.<\/p>\n","protected":false},"excerpt":{"rendered":"<p>Atender\u00e1 las inquietudes sobre su proyecto de Resoluci\u00f3n que procura titular familias residentes en Las Salinas, fuera del \u00e1rea protegida. Santo Domingo, R.D. \u2013 El senador por la provincia Peravia, Julito Fulcar, reafirm\u00f3 este martes su compromiso inquebrantable con la protecci\u00f3n de Las Dunas de Ban\u00ed, al tiempo que aclar\u00f3 el prop\u00f3sito de su propuesta [&hellip;]<\/p>\n","protected":false},"author":1,"featured_media":1842,"comment_status":"open","ping_status":"open","sticky":false,"template":"","format":"standard","meta":{"footnotes":""},"categories":[32],"tags":[],"class_list":{"0":"post-2111","1":"post","2":"type-post","3":"status-publish","4":"format-standard","5":"has-post-thumbnail","7":"category-actualidad"},"_links":{"self":[{"href":"https:\/\/elpueblo.com.do\/api-json\/wp\/v2\/posts\/2111","targetHints":{"allow":["GET"]}}],"collection":[{"href":"https:\/\/elpueblo.com.do\/api-json\/wp\/v2\/posts"}],"about":[{"href":"https:\/\/elpueblo.com.do\/api-json\/wp\/v2\/types\/post"}],"author":[{"embeddable":true,"href":"https:\/\/elpueblo.com.do\/api-json\/wp\/v2\/users\/1"}],"replies":[{"embeddable":true,"href":"https:\/\/elpueblo.com.do\/api-json\/wp\/v2\/comments?post=2111"}],"version-history":[{"count":0,"href":"https:\/\/elpueblo.com.do\/api-json\/wp\/v2\/posts\/2111\/revisions"}],"wp:featuredmedia":[{"embeddable":true,"href":"https:\/\/elpueblo.com.do\/api-json\/wp\/v2\/media\/1842"}],"wp:attachment":[{"href":"https:\/\/elpueblo.com.do\/api-json\/wp\/v2\/media?parent=2111"}],"wp:term":[{"taxonomy":"category","embeddable":true,"href":"https:\/\/elpueblo.com.do\/api-json\/wp\/v2\/categories?post=2111"},{"taxonomy":"post_tag","embeddable":true,"href":"https:\/\/elpueblo.com.do\/api-json\/wp\/v2\/tags?post=2111"}],"curies":[{"name":"wp","href":"https:\/\/api.w.org\/{rel}","templated":true}]}}