{"id":2108,"date":"2025-09-08T19:51:20","date_gmt":"2025-09-08T23:51:20","guid":{"rendered":"https:\/\/elpueblo.com.do\/?p=2108"},"modified":"2025-09-08T19:51:21","modified_gmt":"2025-09-08T23:51:21","slug":"presidente-abinader-advierte-sobre-sanciones-drasticas-en-terminos-de-justicia-para-quienes-sustraigan-fondos-publicos-especialmente-de-salud","status":"publish","type":"post","link":"https:\/\/elpueblo.com.do\/actualidad\/presidente-abinader-advierte-sobre-sanciones-drasticas-en-terminos-de-justicia-para-quienes-sustraigan-fondos-publicos-especialmente-de-salud\/2108\/","title":{"rendered":"Presidente Abinader advierte sobre sanciones dr\u00e1sticas en t\u00e9rminos de justicia para quienes sustraigan fondos p\u00fablicos, especialmente de salud"},"content":{"rendered":"\n<p><em>Al referirse sobre presuntas irregularidades en SeNaSa, sostuvo que desde noviembre 2024 Gobierno dispuso al Ministerio P\u00fablico, C\u00e1mara de Cuentas y organismos de control indagar el caso<\/em><\/p>\n\n\n\n<p><em>Santo Domingo. \u2013<\/em> El presidente Luis Abinader advirti\u00f3 este lunes que toda persona que haya sustra\u00eddo fondos p\u00fablicos, \u201cy especialmente de salud, debe enfrentar consecuencias dr\u00e1sticas en t\u00e9rminos de la justicia\u201d.<\/p>\n\n\n\n<p>As\u00ed se refiri\u00f3 el mandatario al ser cuestionado sobre irregularidades en el Seguro Nacional de Salud (SeNaSa), e indic\u00f3 que fue el propio Gobierno dominicano quien autoriz\u00f3 al Ministerio P\u00fablico en noviembre de 2024 a iniciar la investigaci\u00f3n sobre esta denuncia.<\/p>\n\n\n\n<p>El mandatario explic\u00f3 que, adem\u00e1s de la acci\u00f3n del Ministerio P\u00fablico, la C\u00e1mara de Cuentas lleva varios meses realizando una auditor\u00eda, as\u00ed como la Superintendencia de Salud y Riesgo Laboral (Sisalril), mientras que la Procuradur\u00eda y la Direcci\u00f3n de Antifraude tambi\u00e9n desarrollan indagatorias paralelas.<\/p>\n\n\n\n<p>Abinader fue enf\u00e1tico en que cualquier persona que haya sustra\u00eddo fondos p\u00fablicos, \u201cy especialmente de salud, debe enfrentar consecuencias dr\u00e1sticas en t\u00e9rminos de la justicia\u201d.<\/p>\n\n\n\n<p>A\u00f1adi\u00f3 que las pesquisas se originaron directamente desde el Ejecutivo, antes de que salieran a la luz p\u00fablica reportajes period\u00edsticos sobre el caso.<\/p>\n\n\n\n<p>El jefe de Estado reiter\u00f3 que su administraci\u00f3n mantiene la voluntad firme de que se sancione a quienes incurran en pr\u00e1cticas il\u00edcitas con los recursos destinados al bienestar de la poblaci\u00f3n.<\/p>\n","protected":false},"excerpt":{"rendered":"<p>Al referirse sobre presuntas irregularidades en SeNaSa, sostuvo que desde noviembre 2024 Gobierno dispuso al Ministerio P\u00fablico, C\u00e1mara de Cuentas y organismos de control indagar el caso Santo Domingo. \u2013 El presidente Luis Abinader advirti\u00f3 este lunes que toda persona que haya sustra\u00eddo fondos p\u00fablicos, \u201cy especialmente de salud, debe enfrentar consecuencias dr\u00e1sticas en t\u00e9rminos [&hellip;]<\/p>\n","protected":false},"author":1,"featured_media":2109,"comment_status":"open","ping_status":"open","sticky":false,"template":"","format":"standard","meta":{"footnotes":""},"categories":[32],"tags":[],"class_list":{"0":"post-2108","1":"post","2":"type-post","3":"status-publish","4":"format-standard","5":"has-post-thumbnail","7":"category-actualidad"},"_links":{"self":[{"href":"https:\/\/elpueblo.com.do\/api-json\/wp\/v2\/posts\/2108","targetHints":{"allow":["GET"]}}],"collection":[{"href":"https:\/\/elpueblo.com.do\/api-json\/wp\/v2\/posts"}],"about":[{"href":"https:\/\/elpueblo.com.do\/api-json\/wp\/v2\/types\/post"}],"author":[{"embeddable":true,"href":"https:\/\/elpueblo.com.do\/api-json\/wp\/v2\/users\/1"}],"replies":[{"embeddable":true,"href":"https:\/\/elpueblo.com.do\/api-json\/wp\/v2\/comments?post=2108"}],"version-history":[{"count":0,"href":"https:\/\/elpueblo.com.do\/api-json\/wp\/v2\/posts\/2108\/revisions"}],"wp:featuredmedia":[{"embeddable":true,"href":"https:\/\/elpueblo.com.do\/api-json\/wp\/v2\/media\/2109"}],"wp:attachment":[{"href":"https:\/\/elpueblo.com.do\/api-json\/wp\/v2\/media?parent=2108"}],"wp:term":[{"taxonomy":"category","embeddable":true,"href":"https:\/\/elpueblo.com.do\/api-json\/wp\/v2\/categories?post=2108"},{"taxonomy":"post_tag","embeddable":true,"href":"https:\/\/elpueblo.com.do\/api-json\/wp\/v2\/tags?post=2108"}],"curies":[{"name":"wp","href":"https:\/\/api.w.org\/{rel}","templated":true}]}}