{"id":2091,"date":"2025-09-08T11:36:44","date_gmt":"2025-09-08T15:36:44","guid":{"rendered":"https:\/\/elpueblo.com.do\/?p=2091"},"modified":"2025-09-08T11:36:45","modified_gmt":"2025-09-08T15:36:45","slug":"senador-julito-fulcar-las-dunas-de-bani-son-intocables-mi-propuesta-es-titular-a-las-familias-fuera-del-area-protegida","status":"publish","type":"post","link":"https:\/\/elpueblo.com.do\/actualidad\/senador-julito-fulcar-las-dunas-de-bani-son-intocables-mi-propuesta-es-titular-a-las-familias-fuera-del-area-protegida\/2091\/","title":{"rendered":"Senador Julito Fulcar: Las Dunas de Ban\u00ed son intocables; mi propuesta es titular a las familias fuera del \u00e1rea protegida"},"content":{"rendered":"\n<p>\u201cNo he propuesto afectar las Dunas de Ban\u00ed, que siempre he defendido, ni con una sola pulgada!\u201d, enfatiz\u00f3 el Senador peraviano<\/p>\n\n\n\n<p>&nbsp;<br>Ban\u00ed, Provincia Peravia. \u2013 El senador de la Rep\u00fablica por la provincia Peravia, Prof. Julito Fulcar, afirm\u00f3 categ\u00f3ricamente que \u201clas Dunas de Ban\u00ed son intocables\u201d y que en ning\u00fan momento ha propuesto su reducci\u00f3n ni afectaci\u00f3n.<br>&nbsp;<br>A trav\u00e9s de un comunicado publicado en sus redes sociales, el legislador explic\u00f3 que la gesti\u00f3n que lleva a cabo es en procura de justicia para<br>&nbsp;<br>cientos de familias de la comunidad de Salinas, que desde hace a\u00f1os pagan un arrendamiento al Ayuntamiento de Ban\u00ed por los terrenos que ocupan y que se encuentran fuera del \u00e1rea protegida de las Dunas.<br>&nbsp;<br>\u201cNo he propuesto afectar ni en una pulgada las Dunas de Ban\u00ed, que siempre he defendido. Lo que planteo es que las familias de Salinas, que de sus limitados ingresos pagan un arrendamiento al ayuntamiento, sean reconocidas como propietarias de los terrenos que ocupan de por vida, fuera del \u00e1rea de protecci\u00f3n de las Dunas\u201d, afirm\u00f3 Fulcar.<br>&nbsp;<br>&nbsp;<br>El senador record\u00f3 que ha remitido formalmente una propuesta al Ayuntamiento de Ban\u00ed para que reconozca este derecho adquirido y que, adem\u00e1s, ha sometido al Senado de la Rep\u00fablica una resoluci\u00f3n solicitando al Poder Ejecutivo actuar al respecto.<br>&nbsp;<br>En ese sentido, subray\u00f3 que en el caso de las Dunas de Las Calderas, no existe ning\u00fan conflicto entre un asentamiento que data de 1750 y los recursos naturales protegidos, pues para ello existe un Plan de Manejo que delimita claramente las \u00e1reas y garantiza la preservaci\u00f3n del patrimonio natural.<br>&nbsp;<br>&nbsp;<br>Fulcar lament\u00f3 las confusiones generadas y dej\u00f3 as\u00ed aclaradas las interpretaciones err\u00f3neas promovidas en algunos medios sobre sus gestiones, reiterando que su compromiso es doble: defender sin concesiones las Dunas de Ban\u00ed como patrimonio natural y respaldar a las familias de Salinas en la b\u00fasqueda de justicia social.<br>&nbsp;<br>\u201cDeclaro con toda firmeza: no he solicitado ni comparto la reducci\u00f3n ni afectaci\u00f3n en sentido alguno de la extensi\u00f3n de las Dunas. Mi \u00fanico prop\u00f3sito es reconocer los derechos de las familias de Salinas, al tiempo que mantengo la defensa inquebrantable de este tesoro natural\u201d, concluy\u00f3 el legislador.<\/p>\n","protected":false},"excerpt":{"rendered":"<p>\u201cNo he propuesto afectar las Dunas de Ban\u00ed, que siempre he defendido, ni con una sola pulgada!\u201d, enfatiz\u00f3 el Senador peraviano &nbsp;Ban\u00ed, Provincia Peravia. \u2013 El senador de la Rep\u00fablica por la provincia Peravia, Prof. Julito Fulcar, afirm\u00f3 categ\u00f3ricamente que \u201clas Dunas de Ban\u00ed son intocables\u201d y que en ning\u00fan momento ha propuesto su reducci\u00f3n [&hellip;]<\/p>\n","protected":false},"author":1,"featured_media":1956,"comment_status":"open","ping_status":"open","sticky":false,"template":"","format":"standard","meta":{"footnotes":""},"categories":[32],"tags":[],"class_list":{"0":"post-2091","1":"post","2":"type-post","3":"status-publish","4":"format-standard","5":"has-post-thumbnail","7":"category-actualidad"},"_links":{"self":[{"href":"https:\/\/elpueblo.com.do\/api-json\/wp\/v2\/posts\/2091","targetHints":{"allow":["GET"]}}],"collection":[{"href":"https:\/\/elpueblo.com.do\/api-json\/wp\/v2\/posts"}],"about":[{"href":"https:\/\/elpueblo.com.do\/api-json\/wp\/v2\/types\/post"}],"author":[{"embeddable":true,"href":"https:\/\/elpueblo.com.do\/api-json\/wp\/v2\/users\/1"}],"replies":[{"embeddable":true,"href":"https:\/\/elpueblo.com.do\/api-json\/wp\/v2\/comments?post=2091"}],"version-history":[{"count":0,"href":"https:\/\/elpueblo.com.do\/api-json\/wp\/v2\/posts\/2091\/revisions"}],"wp:featuredmedia":[{"embeddable":true,"href":"https:\/\/elpueblo.com.do\/api-json\/wp\/v2\/media\/1956"}],"wp:attachment":[{"href":"https:\/\/elpueblo.com.do\/api-json\/wp\/v2\/media?parent=2091"}],"wp:term":[{"taxonomy":"category","embeddable":true,"href":"https:\/\/elpueblo.com.do\/api-json\/wp\/v2\/categories?post=2091"},{"taxonomy":"post_tag","embeddable":true,"href":"https:\/\/elpueblo.com.do\/api-json\/wp\/v2\/tags?post=2091"}],"curies":[{"name":"wp","href":"https:\/\/api.w.org\/{rel}","templated":true}]}}