{"id":2089,"date":"2025-09-07T13:21:23","date_gmt":"2025-09-07T17:21:23","guid":{"rendered":"https:\/\/elpueblo.com.do\/?p=2089"},"modified":"2025-09-07T13:24:06","modified_gmt":"2025-09-07T17:24:06","slug":"roberto-fulcar-habla-sobre-liderazgo-trascendente-en-la-xlvii-asamblea-de-medicoop-rd","status":"publish","type":"post","link":"https:\/\/elpueblo.com.do\/actualidad\/roberto-fulcar-habla-sobre-liderazgo-trascendente-en-la-xlvii-asamblea-de-medicoop-rd\/2089\/","title":{"rendered":"Roberto Fulcar habla sobre Liderazgo Trascendente en la XLVII Asamblea de Medicoop RD"},"content":{"rendered":"\n<p>En un encuentro cargado mucha madurez y sensibilidad social el pasado 5 de septiembre del 2025. El Dr  Roberto Fulcar planteo las bases y consideraciones sobre su visi\u00f3n de \u00abLiderazgo Trascendente\u00bb. <\/p>\n\n\n\n<p>El liderazgo, miembros y socios, adem\u00e1s de invitados especiales participaron de este magno evento en el hotel Barcel\u00f3 Punta Cana. En el mismo los asistentes aprovecharon la gran capacidad y visi\u00f3n del maestro, dirigente pol\u00edtico y apasionado por el tema del cooperativismo, c\u00f3mo es el Dr Furcal.<\/p>\n\n\n\n<p>C\u00f3mo siempre la formaci\u00f3n y estilo de un expositor de mucha experiencia, cautiv\u00f3 la atenci\u00f3n de los presentes y dejo una huella positiva en una asamblea digna de un contenido de nivel.<\/p>\n\n\n\n<p>El maestro Fulcar agradecido por la invitaci\u00f3n y consciente del rol social del cooperativismo en un pa\u00eds en franco proceso de desarrollo y que por tales motivos, valora c\u00f3mo muy necesario en esta etapa republicana.<\/p>\n\n\n\n<p><\/p>\n\n\n\n<p><\/p>\n\n\n\n<p><\/p>\n\n\n\n<p><\/p>\n","protected":false},"excerpt":{"rendered":"<p>En un encuentro cargado mucha madurez y sensibilidad social el pasado 5 de septiembre del 2025. El Dr Roberto Fulcar planteo las bases y consideraciones sobre su visi\u00f3n de \u00abLiderazgo Trascendente\u00bb. El liderazgo, miembros y socios, adem\u00e1s de invitados especiales participaron de este magno evento en el hotel Barcel\u00f3 Punta Cana. En el mismo los [&hellip;]<\/p>\n","protected":false},"author":1,"featured_media":1880,"comment_status":"open","ping_status":"open","sticky":false,"template":"","format":"standard","meta":{"footnotes":""},"categories":[32],"tags":[],"class_list":{"0":"post-2089","1":"post","2":"type-post","3":"status-publish","4":"format-standard","5":"has-post-thumbnail","7":"category-actualidad"},"_links":{"self":[{"href":"https:\/\/elpueblo.com.do\/api-json\/wp\/v2\/posts\/2089","targetHints":{"allow":["GET"]}}],"collection":[{"href":"https:\/\/elpueblo.com.do\/api-json\/wp\/v2\/posts"}],"about":[{"href":"https:\/\/elpueblo.com.do\/api-json\/wp\/v2\/types\/post"}],"author":[{"embeddable":true,"href":"https:\/\/elpueblo.com.do\/api-json\/wp\/v2\/users\/1"}],"replies":[{"embeddable":true,"href":"https:\/\/elpueblo.com.do\/api-json\/wp\/v2\/comments?post=2089"}],"version-history":[{"count":0,"href":"https:\/\/elpueblo.com.do\/api-json\/wp\/v2\/posts\/2089\/revisions"}],"wp:featuredmedia":[{"embeddable":true,"href":"https:\/\/elpueblo.com.do\/api-json\/wp\/v2\/media\/1880"}],"wp:attachment":[{"href":"https:\/\/elpueblo.com.do\/api-json\/wp\/v2\/media?parent=2089"}],"wp:term":[{"taxonomy":"category","embeddable":true,"href":"https:\/\/elpueblo.com.do\/api-json\/wp\/v2\/categories?post=2089"},{"taxonomy":"post_tag","embeddable":true,"href":"https:\/\/elpueblo.com.do\/api-json\/wp\/v2\/tags?post=2089"}],"curies":[{"name":"wp","href":"https:\/\/api.w.org\/{rel}","templated":true}]}}