{"id":2086,"date":"2025-09-07T12:59:27","date_gmt":"2025-09-07T16:59:27","guid":{"rendered":"https:\/\/elpueblo.com.do\/?p=2086"},"modified":"2025-09-07T12:59:28","modified_gmt":"2025-09-07T16:59:28","slug":"las-dunas-y-salinas-historia-derechos-y-preservacion-ambiental","status":"publish","type":"post","link":"https:\/\/elpueblo.com.do\/actualidad\/las-dunas-y-salinas-historia-derechos-y-preservacion-ambiental\/2086\/","title":{"rendered":"Las Dunas y Salinas: historia, derechos y preservaci\u00f3n ambiental"},"content":{"rendered":"\n<p>Willy S\u00e1nchez<br>Diputado Provincia Peravia<\/p>\n\n\n\n<p>La comunidad de Salinas, en Ban\u00ed, es una de las m\u00e1s antiguas de la regi\u00f3n, con ra\u00edces que se remontan al siglo XVI. En 1502, Crist\u00f3bal Col\u00f3n se refugi\u00f3 en la Bah\u00eda de Las Calderas durante sus viajes, y poco despu\u00e9s, en 1505, el gobernador Nicol\u00e1s de Ovando orden\u00f3 la explotaci\u00f3n de las minas o Pozas de sal en la laguna Salado del Muerto, convirtiendo esta actividad en una de las fuentes de sal m\u00e1s importantes del Caribe.<\/p>\n\n\n\n<p>Desde entonces, los salineros de la zona han sostenido a sus familias con la pesca y la extracci\u00f3n de sal, actividades que han marcado su identidad cultural y su estrecho v\u00ednculo con el ecosistema local.<\/p>\n\n\n\n<p>Con la creaci\u00f3n del monumento natural de Las Dunas de Ban\u00ed, declarado \u00e1rea protegida mediante la Ley 202-04 y el decreto presidencial 233-96, se busc\u00f3 preservar este ecosistema \u00fanico en el pa\u00eds. Sin embargo, en ese proceso, los l\u00edmites de la comunidad de Salinas no fueron debidamente delimitados, generando una situaci\u00f3n de incertidumbre para los habitantes, mientras que, legalmente, sus terrenos figuran como propiedad del Ayuntamiento de Ban\u00ed, dejando a las familias en condici\u00f3n de arrendatarios.<\/p>\n\n\n\n<p>La resoluci\u00f3n presentada en el Senado por el senador Julito Fulcar busca corregir esta situaci\u00f3n hist\u00f3rica y socialmente injusta. No se trata de \u201cmutilar\u201d Las Dunas, como algunos han se\u00f1alado, sino de regularizar la tenencia de la tierra mediante la entrega de t\u00edtulos gratuitos, garantizando la seguridad jur\u00eddica de los habitantes sin comprometer la protecci\u00f3n ambiental. Esta iniciativa busca establecer un equilibrio justo entre la conservaci\u00f3n del ecosistema y los derechos de quienes han vivido y trabajado en la zona durante generaciones.<\/p>\n\n\n\n<p>Regularizar Salinas es un acto de justicia social que reconoce d\u00e9cadas de esfuerzo y permanencia de las familias, y al mismo tiempo permite al Estado cumplir con su rol de protector del patrimonio natural. Esta medida evita conflictos legales futuros, asegura que los habitantes tengan pleno derecho sobre sus propiedades y fomenta una convivencia arm\u00f3nica entre la comunidad y el medio ambiente.<\/p>\n\n\n\n<p>Es importante recordar que el Monumento Natural Las Dunas de Ban\u00ed no se limita \u00fanicamente a Salinas. Este ecosistema, en virtud del Articulo 15 del decreto presidencial 233-96, se extiende desde la Boca de Aguzadero, hoy municipio de Matanzas, provincia Peravia, por casi 14 kil\u00f3metros de costa en la zona sur , constituyendo un patrimonio natural de gran valor ecol\u00f3gico y tur\u00edstico.<\/p>\n\n\n\n<p>Los habitantes de Salinas han sido hist\u00f3ricamente, los primeros protectores y veedores de estas dunas, demostrando con su acci\u00f3n diaria que la conservaci\u00f3n ambiental y la vida de la comunidad pueden coexistir de manera armoniosa y sostenible.<\/p>\n\n\n\n<p>El Proyecto de resoluci\u00f3n Presentado en el Senado representa un paso firme hacia un modelo de desarrollo que respeta la ley, protege el medio ambiente y asegura la justicia social. Salinas y Las Dunas de Ban\u00ed nos ense\u00f1an que preservar nuestro patrimonio natural no est\u00e1 re\u00f1ido con reconocer derechos hist\u00f3ricos y leg\u00edtimos, y que la protecci\u00f3n de la naturaleza y la dignidad de sus habitantes pueden ir de la mano, fortaleciendo la identidad, la historia y el futuro de nuestra provincia.<\/p>\n","protected":false},"excerpt":{"rendered":"<p>Willy S\u00e1nchezDiputado Provincia Peravia La comunidad de Salinas, en Ban\u00ed, es una de las m\u00e1s antiguas de la regi\u00f3n, con ra\u00edces que se remontan al siglo XVI. En 1502, Crist\u00f3bal Col\u00f3n se refugi\u00f3 en la Bah\u00eda de Las Calderas durante sus viajes, y poco despu\u00e9s, en 1505, el gobernador Nicol\u00e1s de Ovando orden\u00f3 la explotaci\u00f3n [&hellip;]<\/p>\n","protected":false},"author":1,"featured_media":2087,"comment_status":"open","ping_status":"open","sticky":false,"template":"","format":"standard","meta":{"footnotes":""},"categories":[32],"tags":[],"class_list":{"0":"post-2086","1":"post","2":"type-post","3":"status-publish","4":"format-standard","5":"has-post-thumbnail","7":"category-actualidad"},"_links":{"self":[{"href":"https:\/\/elpueblo.com.do\/api-json\/wp\/v2\/posts\/2086","targetHints":{"allow":["GET"]}}],"collection":[{"href":"https:\/\/elpueblo.com.do\/api-json\/wp\/v2\/posts"}],"about":[{"href":"https:\/\/elpueblo.com.do\/api-json\/wp\/v2\/types\/post"}],"author":[{"embeddable":true,"href":"https:\/\/elpueblo.com.do\/api-json\/wp\/v2\/users\/1"}],"replies":[{"embeddable":true,"href":"https:\/\/elpueblo.com.do\/api-json\/wp\/v2\/comments?post=2086"}],"version-history":[{"count":0,"href":"https:\/\/elpueblo.com.do\/api-json\/wp\/v2\/posts\/2086\/revisions"}],"wp:featuredmedia":[{"embeddable":true,"href":"https:\/\/elpueblo.com.do\/api-json\/wp\/v2\/media\/2087"}],"wp:attachment":[{"href":"https:\/\/elpueblo.com.do\/api-json\/wp\/v2\/media?parent=2086"}],"wp:term":[{"taxonomy":"category","embeddable":true,"href":"https:\/\/elpueblo.com.do\/api-json\/wp\/v2\/categories?post=2086"},{"taxonomy":"post_tag","embeddable":true,"href":"https:\/\/elpueblo.com.do\/api-json\/wp\/v2\/tags?post=2086"}],"curies":[{"name":"wp","href":"https:\/\/api.w.org\/{rel}","templated":true}]}}