{"id":2084,"date":"2025-09-04T21:48:11","date_gmt":"2025-09-05T01:48:11","guid":{"rendered":"https:\/\/elpueblo.com.do\/?p=2084"},"modified":"2025-09-04T21:48:13","modified_gmt":"2025-09-05T01:48:13","slug":"carolina-mejia-un-liderazgo-que-asume-cada-reto-que-le-presenta-su-partido","status":"publish","type":"post","link":"https:\/\/elpueblo.com.do\/actualidad\/carolina-mejia-un-liderazgo-que-asume-cada-reto-que-le-presenta-su-partido\/2084\/","title":{"rendered":"Carolina Mej\u00eda un liderazgo que asume cada reto que le presenta su partido."},"content":{"rendered":"\n<p>En tiempos donde la pol\u00edtica se asume como la posibilidad de hacer lo que conviene. Son pocos aquellos que logran entender que para liderar se debe asumir compromisos m\u00e1s all\u00e1 del momento y la conveniencia.<\/p>\n\n\n\n<p>Desde la creaci\u00f3n del PRM, en momentos en que la coyuntura no era del todo favorable para esta organizaci\u00f3n pol\u00edtica. No todos estuvieron dispuestos a mostrar sacrificios coherentes entre la pr\u00e1ctica y el discurso.<\/p>\n\n\n\n<p>Es cu\u00e1ndo Carolina Mej\u00eda decidi\u00f3 jugarse las cartas y acompa\u00f1ar el entonces candidato de 2016 Luis Abinader como su compa\u00f1era de f\u00f3rmula. Momentos en que todos sab\u00edamos de forma anticipada los resultados.<\/p>\n\n\n\n<p>Carolina Mej\u00eda no vacil\u00f3 tampoco cuando su partido le solicit\u00f3 asumir la secretaria general del partido en 2018. Mucho menos rechaz\u00f3 la petici\u00f3n de su partido para que Asuna la candidatura a la alcald\u00eda del Distrito Nacional en 2020, Cuando a otros le hicieron la propuesta y decidieron preservarse para otras posiciones. Toda vez que la coyuntura del momento era muy favorable para el PRM. Como olvidar que Carolina Mej\u00eda asume de nuevo ser candidata municipal en 2024 a petici\u00f3n del presidente Luis Abinader, a\u00fan habiendo repetido que no le interesaba asumir la reelecci\u00f3n en dicha posici\u00f3n.<\/p>\n\n\n\n<p>La dos veces Secretaria General del PRM, en una muestra de compromiso y sacrificio partidario, nunca vacila ante las coyunturas que le convocan a mostrar su condici\u00f3n de dirigente de primer nivel de su partido y como sabemos, siempre ha dicho presente ante la solicitud del partido.<\/p>\n\n\n\n<p>Evidentemente que est\u00e1 mujer, cuyo amor y dedicaci\u00f3n a su partido no pasa por el mero capricho de asumir posiciones de vitrinas y pasarelas del oportunismo. Dirigente comprometida con su partido, gobierno y presidente. Que adem\u00e1s se mantiene desde la creaci\u00f3n del PRM escuchando y apoyando sus compa\u00f1eros. Tiene el average positivo de surcar espacios como resultado de una coherente participaci\u00f3n que le ha llevado a dejar su agenda a un lado para priorizar el partido y los intereses de la mayor\u00eda. Liderazgo que ha mostrado con hechos que su desprendimiento no es el producto de un teatro, sino, m\u00e1s bien, de la convicci\u00f3n propia de quien le duele la instituci\u00f3n y su gente.<\/p>\n\n\n\n<p>Evidentemente que diferente a otros Carolina Mejia si puede decir que aspira a representar su partido y militancia en torneos donde se supone se valora la condici\u00f3n de lucha y dedicaci\u00f3n a la marca. En contraposici\u00f3n de quienes le interesar\u00eda aprovecharse del esfuerzo de todos, presumiendo de forma oportunista, una militancia que solo usan para provecho particular.<\/p>\n","protected":false},"excerpt":{"rendered":"<p>En tiempos donde la pol\u00edtica se asume como la posibilidad de hacer lo que conviene. Son pocos aquellos que logran entender que para liderar se debe asumir compromisos m\u00e1s all\u00e1 del momento y la conveniencia. Desde la creaci\u00f3n del PRM, en momentos en que la coyuntura no era del todo favorable para esta organizaci\u00f3n pol\u00edtica. [&hellip;]<\/p>\n","protected":false},"author":1,"featured_media":1968,"comment_status":"open","ping_status":"open","sticky":false,"template":"","format":"standard","meta":{"footnotes":""},"categories":[32],"tags":[],"class_list":{"0":"post-2084","1":"post","2":"type-post","3":"status-publish","4":"format-standard","5":"has-post-thumbnail","7":"category-actualidad"},"_links":{"self":[{"href":"https:\/\/elpueblo.com.do\/api-json\/wp\/v2\/posts\/2084","targetHints":{"allow":["GET"]}}],"collection":[{"href":"https:\/\/elpueblo.com.do\/api-json\/wp\/v2\/posts"}],"about":[{"href":"https:\/\/elpueblo.com.do\/api-json\/wp\/v2\/types\/post"}],"author":[{"embeddable":true,"href":"https:\/\/elpueblo.com.do\/api-json\/wp\/v2\/users\/1"}],"replies":[{"embeddable":true,"href":"https:\/\/elpueblo.com.do\/api-json\/wp\/v2\/comments?post=2084"}],"version-history":[{"count":0,"href":"https:\/\/elpueblo.com.do\/api-json\/wp\/v2\/posts\/2084\/revisions"}],"wp:featuredmedia":[{"embeddable":true,"href":"https:\/\/elpueblo.com.do\/api-json\/wp\/v2\/media\/1968"}],"wp:attachment":[{"href":"https:\/\/elpueblo.com.do\/api-json\/wp\/v2\/media?parent=2084"}],"wp:term":[{"taxonomy":"category","embeddable":true,"href":"https:\/\/elpueblo.com.do\/api-json\/wp\/v2\/categories?post=2084"},{"taxonomy":"post_tag","embeddable":true,"href":"https:\/\/elpueblo.com.do\/api-json\/wp\/v2\/tags?post=2084"}],"curies":[{"name":"wp","href":"https:\/\/api.w.org\/{rel}","templated":true}]}}