{"id":2079,"date":"2025-09-03T08:50:03","date_gmt":"2025-09-03T12:50:03","guid":{"rendered":"https:\/\/elpueblo.com.do\/?p=2079"},"modified":"2025-09-03T08:50:04","modified_gmt":"2025-09-03T12:50:04","slug":"senador-julito-fulcar-somete-resolucion-para-reconocer-derecho-de-permanencia-de-comunidad-en-salinas-de-puerto-hermoso","status":"publish","type":"post","link":"https:\/\/elpueblo.com.do\/actualidad\/senador-julito-fulcar-somete-resolucion-para-reconocer-derecho-de-permanencia-de-comunidad-en-salinas-de-puerto-hermoso\/2079\/","title":{"rendered":"Senador Julito Fulcar somete resoluci\u00f3n para reconocer derecho de permanencia de comunidad en Salinas de Puerto Hermoso"},"content":{"rendered":"\n<p>Santo Domingo, R.D. \u2013 El senador por la provincia Peravia, Julito Fulcar, someti\u00f3 ante el Senado de la Rep\u00fablica el proyecto de resoluci\u00f3n que busca se reconozca el derecho de permanencia de la comunidad asentada en Salinas de Puerto Hermoso, en el municipio Ban\u00ed.<\/p>\n\n\n\n<p>La iniciativa legislativa solicita al presidente de la Rep\u00fablica, Luis Abinader, instruir al ministro de Medio Ambiente y Recursos Naturales, Armando Pa\u00edno Henr\u00edquez, para que disponga las acciones necesarias que garanticen la permanencia de los habitantes en dicha comunidad, al tiempo que se definan oficialmente los l\u00edmites del \u00e1rea protegida conocida como Las Dunas.<\/p>\n\n\n\n<p>La propuesta ser\u00e1 estudiada por la Comisi\u00f3n Permanente de Recursos Naturales y Medio Ambiente del Senado, como parte del procedimiento legislativo correspondiente.<\/p>\n\n\n\n<p>Con esta resoluci\u00f3n, el senador Fulcar procura ofrecer seguridad jur\u00eddica a las familias que por a\u00f1os han vivido en la zona, promoviendo una convivencia arm\u00f3nica entre la comunidad y la conservaci\u00f3n ambiental.<\/p>\n","protected":false},"excerpt":{"rendered":"<p>Santo Domingo, R.D. \u2013 El senador por la provincia Peravia, Julito Fulcar, someti\u00f3 ante el Senado de la Rep\u00fablica el proyecto de resoluci\u00f3n que busca se reconozca el derecho de permanencia de la comunidad asentada en Salinas de Puerto Hermoso, en el municipio Ban\u00ed. La iniciativa legislativa solicita al presidente de la Rep\u00fablica, Luis Abinader, [&hellip;]<\/p>\n","protected":false},"author":1,"featured_media":1956,"comment_status":"open","ping_status":"open","sticky":false,"template":"","format":"standard","meta":{"footnotes":""},"categories":[32],"tags":[],"class_list":{"0":"post-2079","1":"post","2":"type-post","3":"status-publish","4":"format-standard","5":"has-post-thumbnail","7":"category-actualidad"},"_links":{"self":[{"href":"https:\/\/elpueblo.com.do\/api-json\/wp\/v2\/posts\/2079","targetHints":{"allow":["GET"]}}],"collection":[{"href":"https:\/\/elpueblo.com.do\/api-json\/wp\/v2\/posts"}],"about":[{"href":"https:\/\/elpueblo.com.do\/api-json\/wp\/v2\/types\/post"}],"author":[{"embeddable":true,"href":"https:\/\/elpueblo.com.do\/api-json\/wp\/v2\/users\/1"}],"replies":[{"embeddable":true,"href":"https:\/\/elpueblo.com.do\/api-json\/wp\/v2\/comments?post=2079"}],"version-history":[{"count":0,"href":"https:\/\/elpueblo.com.do\/api-json\/wp\/v2\/posts\/2079\/revisions"}],"wp:featuredmedia":[{"embeddable":true,"href":"https:\/\/elpueblo.com.do\/api-json\/wp\/v2\/media\/1956"}],"wp:attachment":[{"href":"https:\/\/elpueblo.com.do\/api-json\/wp\/v2\/media?parent=2079"}],"wp:term":[{"taxonomy":"category","embeddable":true,"href":"https:\/\/elpueblo.com.do\/api-json\/wp\/v2\/categories?post=2079"},{"taxonomy":"post_tag","embeddable":true,"href":"https:\/\/elpueblo.com.do\/api-json\/wp\/v2\/tags?post=2079"}],"curies":[{"name":"wp","href":"https:\/\/api.w.org\/{rel}","templated":true}]}}