{"id":2077,"date":"2025-08-26T09:23:37","date_gmt":"2025-08-26T13:23:37","guid":{"rendered":"https:\/\/elpueblo.com.do\/?p=2077"},"modified":"2025-08-26T09:23:38","modified_gmt":"2025-08-26T13:23:38","slug":"la-dra-mery-hernandez-y-movimiento-duran-bracho-apoyan-a-yuberkis-aquino-al-cmd","status":"publish","type":"post","link":"https:\/\/elpueblo.com.do\/actualidad\/la-dra-mery-hernandez-y-movimiento-duran-bracho-apoyan-a-yuberkis-aquino-al-cmd\/2077\/","title":{"rendered":"La Dra Mery Hern\u00e1ndez y Movimiento Dur\u00e1n Bracho apoyan a Yuberkis Aquino al CMD"},"content":{"rendered":"\n<p>La noche de este lunes 25 de agosto 2025, fue una noche de fiesta alegr\u00eda y celebraci\u00f3n para los miembros del Movimiento M\u00e9dico Dr Dur\u00e1n Bracho. Est\u00e1 organizaci\u00f3n gremial que hace vida en el colegio M\u00e9dico Dominicano decidi\u00f3 asumir una postura firme de cara al pr\u00f3ximo torneo electoral de noviembre 12 de este a\u00f1o.<\/p>\n\n\n\n<p>Los galenos encabezados por la presidenta de la entidad Dra. Mery Hern\u00e1ndez junto a las figuras y miembros de la direcci\u00f3n del Movimiento M\u00e9dico, fueron parte de los asistentes que abarrotaron el Sal\u00f3n de Actividades del CMD, cuyo nombre honrra tambi\u00e9n la figura de qui\u00e9n toma nombre esta entidad gremial.<\/p>\n\n\n\n<p>En su discurso la Dra. Mery resalt\u00f3 las virtudes de la pr\u00f3xima presidenta del CMD la Dra. Yuberkis Aquino y de paso resalt\u00f3 la necesidad de romper la inercia que vive el colegio que agrupa los profesionales de la medicina en Rep\u00fablica Dominicana. Tambi\u00e9n resalt\u00f3 la necesidad de lograr mejoras en el tema de los servicios 24 horas que dificulta y afecta la salud de los miembros del CMD. Tambi\u00e9n destac\u00f3 la necesidad de enfocarse en maximizar la formaci\u00f3n y facilitar los procesos de los Residentes de la carrera de la medicina.<\/p>\n\n\n\n<p>La Dra Yuberkis Aquino por su parte, adem\u00e1s de agradecer el gesto de los galenos que operan bajo el nombre del Dr. Bracho. Destac\u00f3 que los m\u00e9dicos dominicanos viven una etapa crucial donde se requiere poner orden primero en casa. Adem\u00e1s detall\u00f3 que el respeto al CMD proviene de la institucionalidad y no de personalizar procesos que solo procuran promover la personalizaci\u00f3n y estimular el ego de quienes entienden que cada logro es de una persona y no de un colectivo que abraza con fervor una causa hasta lograr las reivindicaciones que procuran sus colegas desde la lucha gremial.<\/p>\n\n\n\n<p>En el CMD se espera que en las semanas siguientes el apoyo a la Dra. Aquino se consolide con la entrada de otros equipos y liderazgos que han de marcar la ruta ineludible de un Nuevo CMD.<\/p>\n","protected":false},"excerpt":{"rendered":"<p>La noche de este lunes 25 de agosto 2025, fue una noche de fiesta alegr\u00eda y celebraci\u00f3n para los miembros del Movimiento M\u00e9dico Dr Dur\u00e1n Bracho. Est\u00e1 organizaci\u00f3n gremial que hace vida en el colegio M\u00e9dico Dominicano decidi\u00f3 asumir una postura firme de cara al pr\u00f3ximo torneo electoral de noviembre 12 de este a\u00f1o. Los [&hellip;]<\/p>\n","protected":false},"author":1,"featured_media":2072,"comment_status":"open","ping_status":"open","sticky":false,"template":"","format":"standard","meta":{"footnotes":""},"categories":[32],"tags":[],"class_list":{"0":"post-2077","1":"post","2":"type-post","3":"status-publish","4":"format-standard","5":"has-post-thumbnail","7":"category-actualidad"},"_links":{"self":[{"href":"https:\/\/elpueblo.com.do\/api-json\/wp\/v2\/posts\/2077","targetHints":{"allow":["GET"]}}],"collection":[{"href":"https:\/\/elpueblo.com.do\/api-json\/wp\/v2\/posts"}],"about":[{"href":"https:\/\/elpueblo.com.do\/api-json\/wp\/v2\/types\/post"}],"author":[{"embeddable":true,"href":"https:\/\/elpueblo.com.do\/api-json\/wp\/v2\/users\/1"}],"replies":[{"embeddable":true,"href":"https:\/\/elpueblo.com.do\/api-json\/wp\/v2\/comments?post=2077"}],"version-history":[{"count":0,"href":"https:\/\/elpueblo.com.do\/api-json\/wp\/v2\/posts\/2077\/revisions"}],"wp:featuredmedia":[{"embeddable":true,"href":"https:\/\/elpueblo.com.do\/api-json\/wp\/v2\/media\/2072"}],"wp:attachment":[{"href":"https:\/\/elpueblo.com.do\/api-json\/wp\/v2\/media?parent=2077"}],"wp:term":[{"taxonomy":"category","embeddable":true,"href":"https:\/\/elpueblo.com.do\/api-json\/wp\/v2\/categories?post=2077"},{"taxonomy":"post_tag","embeddable":true,"href":"https:\/\/elpueblo.com.do\/api-json\/wp\/v2\/tags?post=2077"}],"curies":[{"name":"wp","href":"https:\/\/api.w.org\/{rel}","templated":true}]}}