{"id":2060,"date":"2025-08-24T16:29:07","date_gmt":"2025-08-24T20:29:07","guid":{"rendered":"https:\/\/elpueblo.com.do\/?p=2060"},"modified":"2025-08-24T16:29:08","modified_gmt":"2025-08-24T20:29:08","slug":"plasticos-x-utiles-escolares-una-apuesta-que-conecta-educacion-medio-ambiente-y-responsabilidad-ciudadana","status":"publish","type":"post","link":"https:\/\/elpueblo.com.do\/actualidad\/plasticos-x-utiles-escolares-una-apuesta-que-conecta-educacion-medio-ambiente-y-responsabilidad-ciudadana\/2060\/","title":{"rendered":"Pl\u00e1sticos x \u00datiles Escolares; una apuesta que conecta Educaci\u00f3n, Medio Ambiente y responsabilidad ciudadana"},"content":{"rendered":"\n<p>En la medida que se acerca el inicio del a\u00f1o escolar, la necesidad de los padres acrecienta en funci\u00f3n de adquirir todo cu\u00e1nto requieren sus ni\u00f1os para comenzar el a\u00f1o escolar de forma digna y entusiasta.<\/p>\n\n\n\n<p>Atendiendo a esa realidad, podemos ver este domingo 24 de agosto, una segunda entrega del programa Pl\u00e1sticos x \u00datiles Escolares que procura llevar una respuesta m\u00ednima para los ni\u00f1os necesitados de los sectores del Distrito Nacional y de paso dejar un mensaje muy positivo a la sociedad.<\/p>\n\n\n\n<p>Est\u00e1 noble iniciativa de la Alcald\u00eda del Distrito Nacional que dirige Carolina Mej\u00eda y en apoyo de la Direcci\u00f3n General de Aduanas con Eduardo Sanz Lovat\u00f3n. Ellos junto a empresarios comprometidos con la sociedad han logrado presentar un evento magistral para bien de los capitale\u00f1os.<\/p>\n\n\n\n<p>Saber que cada botella recolectada tendr\u00e1 m\u00faltiples funciones. Resulta en un ejemplo c\u00edvico que por segundo a\u00f1o lleva Carolina Mej\u00eda desde la Alcald\u00eda. No solo se logra recoger botellas que no ir\u00e1n a tapar imbornales y saturar alcantarillas. M\u00e1s bien se educa a los participantes en la imperante necesidad de colaborar con el cuidado del medio ambiente y logra involucrar la ni\u00f1ez en la tarea de ser activistas comunitarios en favor de sus vecinos y de paso apoyarse en su propio proceso educativo.<\/p>\n\n\n\n<p>La idea no ha podido ser m\u00e1s brillante y enrriquecedora de parte de un liderazgo visionario encarnado en una mujer que viene rompiendo paradigmas y demostrando que la gesti\u00f3n de gobierno trasciende un tema de g\u00e9nero, llegando con fervor patri\u00f3tico al coraz\u00f3n de una sociedad que requiere de este y muchos ejemplos similares.<\/p>\n\n\n\n<p>M\u00e1s all\u00e1 de la cr\u00edtica pol\u00edtica que se urde en la falta de criterio social y llega pobremente a rayar en lo rid\u00edculo. La Alcald\u00eda con su liderazgo se posiona como un referente de gesti\u00f3n, cercan\u00eda, protecci\u00f3n y amor por la gente.<\/p>\n\n\n\n<p>Esperemos que como est\u00e1, sigan llegando iniciativas para bien de cada ciudadano que alberga en sus pol\u00edticos, los resultados propios de un coraz\u00f3n de servicio y dedicaci\u00f3n a los dem\u00e1s.<\/p>\n","protected":false},"excerpt":{"rendered":"<p>En la medida que se acerca el inicio del a\u00f1o escolar, la necesidad de los padres acrecienta en funci\u00f3n de adquirir todo cu\u00e1nto requieren sus ni\u00f1os para comenzar el a\u00f1o escolar de forma digna y entusiasta. Atendiendo a esa realidad, podemos ver este domingo 24 de agosto, una segunda entrega del programa Pl\u00e1sticos x \u00datiles [&hellip;]<\/p>\n","protected":false},"author":1,"featured_media":2061,"comment_status":"open","ping_status":"open","sticky":false,"template":"","format":"standard","meta":{"footnotes":""},"categories":[32],"tags":[],"class_list":{"0":"post-2060","1":"post","2":"type-post","3":"status-publish","4":"format-standard","5":"has-post-thumbnail","7":"category-actualidad"},"_links":{"self":[{"href":"https:\/\/elpueblo.com.do\/api-json\/wp\/v2\/posts\/2060","targetHints":{"allow":["GET"]}}],"collection":[{"href":"https:\/\/elpueblo.com.do\/api-json\/wp\/v2\/posts"}],"about":[{"href":"https:\/\/elpueblo.com.do\/api-json\/wp\/v2\/types\/post"}],"author":[{"embeddable":true,"href":"https:\/\/elpueblo.com.do\/api-json\/wp\/v2\/users\/1"}],"replies":[{"embeddable":true,"href":"https:\/\/elpueblo.com.do\/api-json\/wp\/v2\/comments?post=2060"}],"version-history":[{"count":0,"href":"https:\/\/elpueblo.com.do\/api-json\/wp\/v2\/posts\/2060\/revisions"}],"wp:featuredmedia":[{"embeddable":true,"href":"https:\/\/elpueblo.com.do\/api-json\/wp\/v2\/media\/2061"}],"wp:attachment":[{"href":"https:\/\/elpueblo.com.do\/api-json\/wp\/v2\/media?parent=2060"}],"wp:term":[{"taxonomy":"category","embeddable":true,"href":"https:\/\/elpueblo.com.do\/api-json\/wp\/v2\/categories?post=2060"},{"taxonomy":"post_tag","embeddable":true,"href":"https:\/\/elpueblo.com.do\/api-json\/wp\/v2\/tags?post=2060"}],"curies":[{"name":"wp","href":"https:\/\/api.w.org\/{rel}","templated":true}]}}