{"id":2057,"date":"2025-08-23T09:19:54","date_gmt":"2025-08-23T13:19:54","guid":{"rendered":"https:\/\/elpueblo.com.do\/?p=2057"},"modified":"2025-08-23T09:19:55","modified_gmt":"2025-08-23T13:19:55","slug":"inefi-garantiza-espacios-deportivos-adecuados-para-el-nuevo-ano-escolarel-instituto-nacional-de-educacion-fisica-inefi-bajo-la-direccion-del-senor-alberto-rodriguez-ha-puesto-en-marcha-un-amplio-p","status":"publish","type":"post","link":"https:\/\/elpueblo.com.do\/actualidad\/inefi-garantiza-espacios-deportivos-adecuados-para-el-nuevo-ano-escolarel-instituto-nacional-de-educacion-fisica-inefi-bajo-la-direccion-del-senor-alberto-rodriguez-ha-puesto-en-marcha-un-amplio-p\/2057\/","title":{"rendered":"INEFI garantiza espacios deportivos adecuados para el nuevo a\u00f1o escolarEl Instituto Nacional de Educaci\u00f3n F\u00edsica (INEFI), bajo la direcci\u00f3n del se\u00f1or Alberto Rodr\u00edguez, ha puesto en marcha un amplio programa de mantenimiento correctivo en las instalaciones deportivas de los centros educativos a nivel nacional.Esta iniciativa busca asegurar que la Educaci\u00f3n F\u00edsica y las actividades deportivas se desarrollen en condiciones \u00f3ptimas durante el a\u00f1o escolar que iniciar\u00e1 el pr\u00f3ximo 25 de agosto.Con este esfuerzo, el INEFI reafirma su compromiso con la comunidad educativa, garantizando espacios seguros, funcionales y de calidad para el aprendizaje y la pr\u00e1ctica deportiva. Adem\u00e1s, esta acci\u00f3n fortalece el papel de la educaci\u00f3n f\u00edsica como eje fundamental en la formaci\u00f3n integral de los estudiantes, fomentando valores como la disciplina, la convivencia y la salud.El trabajo de mantenimiento incluye reparaciones en canchas, \u00e1reas recreativas, y otros espacios destinados al deporte escolar, lo que permitir\u00e1 que miles de ni\u00f1os, ni\u00f1as y adolescentes disfruten de un ambiente adecuado para el desarrollo de sus habilidades f\u00edsicas y sociales.De esta manera, el INEFI, bajo la gesti\u00f3n de Alberto Rodr\u00edguez, se consolida como una instituci\u00f3n comprometida con el bienestar estudiantil y el fortalecimiento del deporte en la Rep\u00fablica Dominicana."},"content":{"rendered":"\n<figure class=\"wp-block-gallery has-nested-images columns-default is-cropped wp-block-gallery-1 is-layout-flex wp-block-gallery-is-layout-flex\"><\/figure>\n","protected":false},"excerpt":{"rendered":"","protected":false},"author":1,"featured_media":2058,"comment_status":"open","ping_status":"open","sticky":false,"template":"","format":"standard","meta":{"footnotes":""},"categories":[32],"tags":[],"class_list":{"0":"post-2057","1":"post","2":"type-post","3":"status-publish","4":"format-standard","5":"has-post-thumbnail","7":"category-actualidad"},"_links":{"self":[{"href":"https:\/\/elpueblo.com.do\/api-json\/wp\/v2\/posts\/2057","targetHints":{"allow":["GET"]}}],"collection":[{"href":"https:\/\/elpueblo.com.do\/api-json\/wp\/v2\/posts"}],"about":[{"href":"https:\/\/elpueblo.com.do\/api-json\/wp\/v2\/types\/post"}],"author":[{"embeddable":true,"href":"https:\/\/elpueblo.com.do\/api-json\/wp\/v2\/users\/1"}],"replies":[{"embeddable":true,"href":"https:\/\/elpueblo.com.do\/api-json\/wp\/v2\/comments?post=2057"}],"version-history":[{"count":0,"href":"https:\/\/elpueblo.com.do\/api-json\/wp\/v2\/posts\/2057\/revisions"}],"wp:featuredmedia":[{"embeddable":true,"href":"https:\/\/elpueblo.com.do\/api-json\/wp\/v2\/media\/2058"}],"wp:attachment":[{"href":"https:\/\/elpueblo.com.do\/api-json\/wp\/v2\/media?parent=2057"}],"wp:term":[{"taxonomy":"category","embeddable":true,"href":"https:\/\/elpueblo.com.do\/api-json\/wp\/v2\/categories?post=2057"},{"taxonomy":"post_tag","embeddable":true,"href":"https:\/\/elpueblo.com.do\/api-json\/wp\/v2\/tags?post=2057"}],"curies":[{"name":"wp","href":"https:\/\/api.w.org\/{rel}","templated":true}]}}