{"id":2024,"date":"2025-08-15T23:07:04","date_gmt":"2025-08-16T03:07:04","guid":{"rendered":"https:\/\/elpueblo.com.do\/?p=2024"},"modified":"2025-08-15T23:07:06","modified_gmt":"2025-08-16T03:07:06","slug":"la-educacion-fisica-en-su-mejor-momento-en-republica-dominicana","status":"publish","type":"post","link":"https:\/\/elpueblo.com.do\/actualidad\/la-educacion-fisica-en-su-mejor-momento-en-republica-dominicana\/2024\/","title":{"rendered":"La educaci\u00f3n f\u00edsica en su mejor momento en Rep\u00fablica Dominicana"},"content":{"rendered":"\n<p>Por Jeffri Mateo Alc\u00e1ntara<\/p>\n\n\n\n<p>La educaci\u00f3n f\u00edsica vive una etapa de fortalecimiento y expansi\u00f3n sin precedentes en la Rep\u00fablica Dominicana, gracias a la visi\u00f3n y el trabajo continuo de Alberto Rodr\u00edguez Mella al frente del Instituto Nacional de Educaci\u00f3n F\u00edsica (INEFI).<\/p>\n\n\n\n<p>Desde su llegada a la instituci\u00f3n, Rodr\u00edguez ha logrado posicionar la educaci\u00f3n f\u00edsica como un pilar fundamental para el desarrollo integral de ni\u00f1os, j\u00f3venes y comunidades. Su gesti\u00f3n se ha caracterizado por una agenda activa que incluye la capacitaci\u00f3n de docentes y t\u00e9cnicos, la remodelaci\u00f3n y construcci\u00f3n de instalaciones deportivas, y la ejecuci\u00f3n de programas recreativos y competitivos que impactan directamente en la poblaci\u00f3n estudiantil.<\/p>\n\n\n\n<p>Uno de sus mayores logros ha sido llevar el INEFI a todos los rincones del pa\u00eds, llegando a escuelas, barrios y comunidades que durante a\u00f1os estuvieron alejadas de los beneficios de una educaci\u00f3n f\u00edsica de calidad. Gracias a esta labor, miles de estudiantes hoy cuentan con mejores espacios y oportunidades para ejercitarse, aprender y desarrollarse.<\/p>\n\n\n\n<p>\u201cEl deporte y la educaci\u00f3n f\u00edsica no son solo actividad f\u00edsica; son herramientas para formar ciudadanos m\u00e1s saludables, disciplinados y con valores\u201d, ha afirmado Rodr\u00edguez en m\u00faltiples ocasiones, dejando claro que su gesti\u00f3n apuesta a largo plazo por una juventud m\u00e1s preparada f\u00edsica y mentalmente.<\/p>\n\n\n\n<p>El respaldo del presidente Luis Abinader ha sido clave para consolidar estos avances, garantizando los recursos y el apoyo institucional necesarios para que la educaci\u00f3n f\u00edsica en Rep\u00fablica Dominicana se encuentre, sin duda, en uno de sus mejores momentos.<\/p>\n","protected":false},"excerpt":{"rendered":"<p>Por Jeffri Mateo Alc\u00e1ntara La educaci\u00f3n f\u00edsica vive una etapa de fortalecimiento y expansi\u00f3n sin precedentes en la Rep\u00fablica Dominicana, gracias a la visi\u00f3n y el trabajo continuo de Alberto Rodr\u00edguez Mella al frente del Instituto Nacional de Educaci\u00f3n F\u00edsica (INEFI). Desde su llegada a la instituci\u00f3n, Rodr\u00edguez ha logrado posicionar la educaci\u00f3n f\u00edsica como [&hellip;]<\/p>\n","protected":false},"author":1,"featured_media":2025,"comment_status":"open","ping_status":"open","sticky":false,"template":"","format":"standard","meta":{"footnotes":""},"categories":[32],"tags":[],"class_list":{"0":"post-2024","1":"post","2":"type-post","3":"status-publish","4":"format-standard","5":"has-post-thumbnail","7":"category-actualidad"},"_links":{"self":[{"href":"https:\/\/elpueblo.com.do\/api-json\/wp\/v2\/posts\/2024","targetHints":{"allow":["GET"]}}],"collection":[{"href":"https:\/\/elpueblo.com.do\/api-json\/wp\/v2\/posts"}],"about":[{"href":"https:\/\/elpueblo.com.do\/api-json\/wp\/v2\/types\/post"}],"author":[{"embeddable":true,"href":"https:\/\/elpueblo.com.do\/api-json\/wp\/v2\/users\/1"}],"replies":[{"embeddable":true,"href":"https:\/\/elpueblo.com.do\/api-json\/wp\/v2\/comments?post=2024"}],"version-history":[{"count":0,"href":"https:\/\/elpueblo.com.do\/api-json\/wp\/v2\/posts\/2024\/revisions"}],"wp:featuredmedia":[{"embeddable":true,"href":"https:\/\/elpueblo.com.do\/api-json\/wp\/v2\/media\/2025"}],"wp:attachment":[{"href":"https:\/\/elpueblo.com.do\/api-json\/wp\/v2\/media?parent=2024"}],"wp:term":[{"taxonomy":"category","embeddable":true,"href":"https:\/\/elpueblo.com.do\/api-json\/wp\/v2\/categories?post=2024"},{"taxonomy":"post_tag","embeddable":true,"href":"https:\/\/elpueblo.com.do\/api-json\/wp\/v2\/tags?post=2024"}],"curies":[{"name":"wp","href":"https:\/\/api.w.org\/{rel}","templated":true}]}}