{"id":2020,"date":"2025-08-15T09:31:53","date_gmt":"2025-08-15T13:31:53","guid":{"rendered":"https:\/\/elpueblo.com.do\/?p=2020"},"modified":"2025-08-15T09:31:54","modified_gmt":"2025-08-15T13:31:54","slug":"senador-julito-fulcar-recibe-ovacion-popular-durante-inauguracion-de-la-circunvalacion-de-bani","status":"publish","type":"post","link":"https:\/\/elpueblo.com.do\/actualidad\/senador-julito-fulcar-recibe-ovacion-popular-durante-inauguracion-de-la-circunvalacion-de-bani\/2020\/","title":{"rendered":"Senador Julito Fulcar recibe ovaci\u00f3n popular durante inauguraci\u00f3n de la Circunvalaci\u00f3n de Ban\u00ed"},"content":{"rendered":"\n<p>Ban\u00ed, Peravia. \u2013 En el acto de inauguraci\u00f3n de la esperada Circunvalaci\u00f3n de Ban\u00ed, celebrado la ma\u00f1ana del jueves, el senador por la provincia Peravia, Julito Fulcar, fue recibido con una calurosa ovaci\u00f3n por parte de los presentes, en reconocimiento a su persistente labor y gestiones que hicieron posible esta importante obra de infraestructura vial.<\/p>\n\n\n\n<p>La construcci\u00f3n de la Circunvalaci\u00f3n de Ban\u00ed ha sido una demanda hist\u00f3rica del pueblo peraviano, solicitada durante d\u00e9cadas sin obtener respuestas concretas. Sin embargo, fue a partir de la labor legislativa de Fulcar (primero como diputado y ahora como senador) que esta demanda fue impulsada con determinaci\u00f3n y seriedad ante el gobierno central, hasta convertirse en una realidad tangible.<\/p>\n\n\n\n<p>Durante su intervenci\u00f3n en la ceremonia, el senador Fulcar agradeci\u00f3 al presidente de la Rep\u00fablica, Luis Abinader; al ministro de Obras P\u00fablicas y Comunicaciones, Eduardo Estrella; as\u00ed como al ministro saliente de esta cartera, Deligne Ascenci\u00f3n, por el compromiso demostrado en la ejecuci\u00f3n y culminaci\u00f3n de esta trascendental v\u00eda.<\/p>\n\n\n\n<p>\u201cLa Circunvalaci\u00f3n de Ban\u00ed no solo responde a una necesidad vial, sino que representa desarrollo, seguridad y una mejor calidad de vida para nuestra gente. Este es un logro del pueblo peraviano\u201d, expres\u00f3 Fulcar.<\/p>\n\n\n\n<p>La Circunvalaci\u00f3n de Ban\u00ed facilitar\u00e1 el tr\u00e1nsito vehicular, descongestionar\u00e1 el centro urbano y contribuir\u00e1 significativamente al desarrollo econ\u00f3mico y social de la regi\u00f3n sur del pa\u00eds.<\/p>\n","protected":false},"excerpt":{"rendered":"<p>Ban\u00ed, Peravia. \u2013 En el acto de inauguraci\u00f3n de la esperada Circunvalaci\u00f3n de Ban\u00ed, celebrado la ma\u00f1ana del jueves, el senador por la provincia Peravia, Julito Fulcar, fue recibido con una calurosa ovaci\u00f3n por parte de los presentes, en reconocimiento a su persistente labor y gestiones que hicieron posible esta importante obra de infraestructura vial. [&hellip;]<\/p>\n","protected":false},"author":1,"featured_media":1921,"comment_status":"open","ping_status":"open","sticky":false,"template":"","format":"standard","meta":{"footnotes":""},"categories":[32],"tags":[],"class_list":{"0":"post-2020","1":"post","2":"type-post","3":"status-publish","4":"format-standard","5":"has-post-thumbnail","7":"category-actualidad"},"_links":{"self":[{"href":"https:\/\/elpueblo.com.do\/api-json\/wp\/v2\/posts\/2020","targetHints":{"allow":["GET"]}}],"collection":[{"href":"https:\/\/elpueblo.com.do\/api-json\/wp\/v2\/posts"}],"about":[{"href":"https:\/\/elpueblo.com.do\/api-json\/wp\/v2\/types\/post"}],"author":[{"embeddable":true,"href":"https:\/\/elpueblo.com.do\/api-json\/wp\/v2\/users\/1"}],"replies":[{"embeddable":true,"href":"https:\/\/elpueblo.com.do\/api-json\/wp\/v2\/comments?post=2020"}],"version-history":[{"count":0,"href":"https:\/\/elpueblo.com.do\/api-json\/wp\/v2\/posts\/2020\/revisions"}],"wp:featuredmedia":[{"embeddable":true,"href":"https:\/\/elpueblo.com.do\/api-json\/wp\/v2\/media\/1921"}],"wp:attachment":[{"href":"https:\/\/elpueblo.com.do\/api-json\/wp\/v2\/media?parent=2020"}],"wp:term":[{"taxonomy":"category","embeddable":true,"href":"https:\/\/elpueblo.com.do\/api-json\/wp\/v2\/categories?post=2020"},{"taxonomy":"post_tag","embeddable":true,"href":"https:\/\/elpueblo.com.do\/api-json\/wp\/v2\/tags?post=2020"}],"curies":[{"name":"wp","href":"https:\/\/api.w.org\/{rel}","templated":true}]}}