{"id":2008,"date":"2025-07-31T09:58:52","date_gmt":"2025-07-31T13:58:52","guid":{"rendered":"https:\/\/elpueblo.com.do\/?p=2008"},"modified":"2025-07-31T09:58:53","modified_gmt":"2025-07-31T13:58:53","slug":"el-verdadero-sentido-de-la-vida","status":"publish","type":"post","link":"https:\/\/elpueblo.com.do\/actualidad\/el-verdadero-sentido-de-la-vida\/2008\/","title":{"rendered":"El verdadero sentido de la vida"},"content":{"rendered":"\n<p>Por Jeffri Mateo Alc\u00e1ntara<\/p>\n\n\n\n<p>En la vida, no todos estar\u00e1n de acuerdo con lo que pensamos, decimos o publicamos. Algunos apoyar\u00e1n, otros criticar\u00e1n. Sin embargo, hay una verdad innegable: las consecuencias de nuestras decisiones las enfrentamos nosotros, no los dem\u00e1s.<\/p>\n\n\n\n<p>Cuando atravesamos momentos dif\u00edciles, solemos descubrir cu\u00e1n solos estamos. Aquellos que en apariencia nos \u201caniman\u201d a expresarnos, muchas veces lo hacen con intereses ocultos. No lo hacen por empat\u00eda, ni por solidaridad, sino porque esperan que t\u00fa digas lo que ellos no se atreven a decir, simplemente porque no fueron tomados en cuenta o porque quieren usar tu voz como instrumento de su frustraci\u00f3n.<\/p>\n\n\n\n<p>He sido testigo de c\u00f3mo se celebra al que se atreve a enfrentar lo injusto, pero tambi\u00e9n he visto c\u00f3mo, llegado el momento de actuar, muchos se esconden tras excusas, y los mismos que aplaud\u00edan son los primeros en filtrar informaci\u00f3n no para ayudar, sino para hacer da\u00f1o. Esa doble moral ya no sorprende: la reconocemos en quienes no suman, en quienes solo critican por no estar en el lugar que desean.<\/p>\n\n\n\n<p>Y es ah\u00ed donde me hago una pregunta profunda:<br>\u00bfD\u00f3nde estaban esos \u201caliados\u201d cuando uno ten\u00eda una buena posici\u00f3n?<br>\u00bfTe llamaron entonces? No, porque te consideraban inalcanzable.<br>Ahora que otros avanzan, todo parece estar mal para ellos.<\/p>\n\n\n\n<p>La vida me ha ense\u00f1ado que si no vamos a construir, es mejor dejar que el r\u00edo siga su cauce. No cargues luchas que no son tuyas. No enfrentes batallas ajenas que solo nacen de la envidia o el rencor.<br>Vive tu vida con prop\u00f3sito, contribuye con lo que puedas, y recuerda: lo que hablar\u00e1n de ti ma\u00f1ana depender\u00e1 de lo que dejaste construido, no de lo que destruiste.<\/p>\n","protected":false},"excerpt":{"rendered":"<p>Por Jeffri Mateo Alc\u00e1ntara En la vida, no todos estar\u00e1n de acuerdo con lo que pensamos, decimos o publicamos. Algunos apoyar\u00e1n, otros criticar\u00e1n. Sin embargo, hay una verdad innegable: las consecuencias de nuestras decisiones las enfrentamos nosotros, no los dem\u00e1s. Cuando atravesamos momentos dif\u00edciles, solemos descubrir cu\u00e1n solos estamos. Aquellos que en apariencia nos \u201caniman\u201d [&hellip;]<\/p>\n","protected":false},"author":1,"featured_media":1963,"comment_status":"open","ping_status":"open","sticky":false,"template":"","format":"standard","meta":{"footnotes":""},"categories":[32],"tags":[],"class_list":{"0":"post-2008","1":"post","2":"type-post","3":"status-publish","4":"format-standard","5":"has-post-thumbnail","7":"category-actualidad"},"_links":{"self":[{"href":"https:\/\/elpueblo.com.do\/api-json\/wp\/v2\/posts\/2008","targetHints":{"allow":["GET"]}}],"collection":[{"href":"https:\/\/elpueblo.com.do\/api-json\/wp\/v2\/posts"}],"about":[{"href":"https:\/\/elpueblo.com.do\/api-json\/wp\/v2\/types\/post"}],"author":[{"embeddable":true,"href":"https:\/\/elpueblo.com.do\/api-json\/wp\/v2\/users\/1"}],"replies":[{"embeddable":true,"href":"https:\/\/elpueblo.com.do\/api-json\/wp\/v2\/comments?post=2008"}],"version-history":[{"count":0,"href":"https:\/\/elpueblo.com.do\/api-json\/wp\/v2\/posts\/2008\/revisions"}],"wp:featuredmedia":[{"embeddable":true,"href":"https:\/\/elpueblo.com.do\/api-json\/wp\/v2\/media\/1963"}],"wp:attachment":[{"href":"https:\/\/elpueblo.com.do\/api-json\/wp\/v2\/media?parent=2008"}],"wp:term":[{"taxonomy":"category","embeddable":true,"href":"https:\/\/elpueblo.com.do\/api-json\/wp\/v2\/categories?post=2008"},{"taxonomy":"post_tag","embeddable":true,"href":"https:\/\/elpueblo.com.do\/api-json\/wp\/v2\/tags?post=2008"}],"curies":[{"name":"wp","href":"https:\/\/api.w.org\/{rel}","templated":true}]}}