{"id":1993,"date":"2025-07-10T22:51:24","date_gmt":"2025-07-11T02:51:24","guid":{"rendered":"https:\/\/elpueblo.com.do\/?p=1993"},"modified":"2025-07-10T22:51:26","modified_gmt":"2025-07-11T02:51:26","slug":"republica-dominicana-sede-del-encuentro-regional-de-ministros-de-seguridad-publica-de-las-americas","status":"publish","type":"post","link":"https:\/\/elpueblo.com.do\/uncategorized\/republica-dominicana-sede-del-encuentro-regional-de-ministros-de-seguridad-publica-de-las-americas\/1993\/","title":{"rendered":"Republica Dominicana sede del Encuentro regional de Ministros de Seguridad P\u00fablica de Las Am\u00e9ricas."},"content":{"rendered":"\n<p><\/p>\n\n\n\n<p>El pa\u00eds ser\u00e1 sede este pr\u00f3ximo 17 al 19 de Julio con el ministerio de Interior y Polic\u00eda como anfitri\u00f3n, del Encuentro Regional de Ministros de Seguridad P\u00fablica de Las Am\u00e9ricas para tratar temas de gran inter\u00e9s para los pa\u00edses participantes <\/p>\n","protected":false},"excerpt":{"rendered":"<p>El pa\u00eds ser\u00e1 sede este pr\u00f3ximo 17 al 19 de Julio con el ministerio de Interior y Polic\u00eda como anfitri\u00f3n, del Encuentro Regional de Ministros de Seguridad P\u00fablica de Las Am\u00e9ricas para tratar temas de gran inter\u00e9s para los pa\u00edses participantes<\/p>\n","protected":false},"author":1,"featured_media":0,"comment_status":"open","ping_status":"open","sticky":false,"template":"","format":"standard","meta":{"footnotes":""},"categories":[1],"tags":[],"class_list":{"0":"post-1993","1":"post","2":"type-post","3":"status-publish","4":"format-standard","6":"category-uncategorized"},"_links":{"self":[{"href":"https:\/\/elpueblo.com.do\/api-json\/wp\/v2\/posts\/1993","targetHints":{"allow":["GET"]}}],"collection":[{"href":"https:\/\/elpueblo.com.do\/api-json\/wp\/v2\/posts"}],"about":[{"href":"https:\/\/elpueblo.com.do\/api-json\/wp\/v2\/types\/post"}],"author":[{"embeddable":true,"href":"https:\/\/elpueblo.com.do\/api-json\/wp\/v2\/users\/1"}],"replies":[{"embeddable":true,"href":"https:\/\/elpueblo.com.do\/api-json\/wp\/v2\/comments?post=1993"}],"version-history":[{"count":0,"href":"https:\/\/elpueblo.com.do\/api-json\/wp\/v2\/posts\/1993\/revisions"}],"wp:attachment":[{"href":"https:\/\/elpueblo.com.do\/api-json\/wp\/v2\/media?parent=1993"}],"wp:term":[{"taxonomy":"category","embeddable":true,"href":"https:\/\/elpueblo.com.do\/api-json\/wp\/v2\/categories?post=1993"},{"taxonomy":"post_tag","embeddable":true,"href":"https:\/\/elpueblo.com.do\/api-json\/wp\/v2\/tags?post=1993"}],"curies":[{"name":"wp","href":"https:\/\/api.w.org\/{rel}","templated":true}]}}