{"id":1978,"date":"2025-06-29T20:57:05","date_gmt":"2025-06-30T00:57:05","guid":{"rendered":"https:\/\/elpueblo.com.do\/?p=1978"},"modified":"2025-06-29T20:57:06","modified_gmt":"2025-06-30T00:57:06","slug":"fredy-fernandez-motiva-a-jovenes-de-santiago-a-liderar-con-proposito-y-compromiso","status":"publish","type":"post","link":"https:\/\/elpueblo.com.do\/actualidad\/fredy-fernandez-motiva-a-jovenes-de-santiago-a-liderar-con-proposito-y-compromiso\/1978\/","title":{"rendered":"Fredy Fern\u00e1ndez motiva a j\u00f3venes de Santiago a liderar con prop\u00f3sito y compromiso"},"content":{"rendered":"\n<p>Fredy Fern\u00e1ndez motiva a j\u00f3venes de Santiago a liderar con prop\u00f3sito y compromiso<br>Art\u00edculos relacionados<br>Abinader transforma sistema de agua potable en Bella Vista con obras por m\u00e1s de 160 millones.<\/p>\n\n\n\n<p>El Director Ejecutivo nacional de campa\u00f1a de Carolina Mej\u00eda comparte claves de liderazgo y superaci\u00f3n ante una multitud de j\u00f3venes en COOPNAMA<\/p>\n\n\n\n<p>Santiago, R.D. \u2013 El Sal\u00f3n de Eventos de la Cooperativa Nacional de Servicios M\u00faltiples de los Maestros (COOPNAMA) se qued\u00f3 peque\u00f1o este fin de semana, durante un encuentro multitudinario que reuni\u00f3 a cientos de j\u00f3venes interesados en liderazgo, pol\u00edtica y transformaci\u00f3n social.<\/p>\n\n\n\n<p>El evento tuvo como figura central al polit\u00f3logo y experto en liderazgo Fredy Fern\u00e1ndez, actual coordinador nacional de campa\u00f1a de Carolina Mej\u00eda, quien se postula como precandidata presidencial por el Partido Revolucionario Moderno (PRM).<\/p>\n\n\n\n<p>Organizado por el doctor Miguel Antonio Ortega, coordinador de campa\u00f1a de Mej\u00eda en Santiago y la regi\u00f3n norte, el encuentro tambi\u00e9n cont\u00f3 con la presencia de dirigentes como Rub\u00e9n Reynoso, Nelson Carela, Vladimir Santana y Adalberto Inoa, entre otros.<\/p>\n\n\n\n<p>La actividad fue moderada por los j\u00f3venes Carolina Ortega y Phillips Santos, quienes canalizaron preguntas y reflexiones del p\u00fablico hacia el conferencista, abordando temas como el papel de la juventud en la pol\u00edtica, el liderazgo aut\u00e9ntico y la influencia de las redes sociales.<\/p>\n\n\n\n<p>Durante su intervenci\u00f3n, Fern\u00e1ndez afirm\u00f3 que \u201clas cualidades esenciales de un verdadero l\u00edder son la visi\u00f3n clara y el compromiso con la acci\u00f3n\u201d, y exhort\u00f3 a los presentes a trabajar con \u201cdedicaci\u00f3n, entrega y sacrificio\u201d, se\u00f1alando que \u201cel \u00e9xito solo aparece primero en el diccionario\u201d.<\/p>\n\n\n\n<p>\u201cEl l\u00edmite se lo ponen ustedes mismos en la cabeza. Habr\u00e1 obst\u00e1culos, habr\u00e1 cr\u00edticas, pero quien persevera encuentra el camino. La oportunidad le llega al que participa\u201d, expres\u00f3 el dirigente pol\u00edtico, generando aplausos entre los asistentes.<\/p>\n\n\n\n<p>Tambi\u00e9n motiv\u00f3 a los j\u00f3venes a conquistar espacios sociales y pol\u00edticos con respeto, integridad y humildad, afirmando que \u201cel liderazgo no es una competencia de egos, sino una responsabilidad con los dem\u00e1s\u201d.<\/p>\n\n\n\n<p>Fern\u00e1ndez asegur\u00f3 que el pa\u00eds necesita una generaci\u00f3n de j\u00f3venes conscientes, cr\u00edticos, participativos y responsables, que entiendan el impacto que sus decisiones y acciones tienen en la construcci\u00f3n de una sociedad m\u00e1s justa.<\/p>\n\n\n\n<p>Por su parte, Vladimir Santana, coordinador de campa\u00f1a de Carolina Mej\u00eda en el municipio de Santiago, expres\u00f3 que la juventud no es el futuro, sino \u201cel presente que vibra, trabaja y transforma\u201d, y subray\u00f3 la importancia de su energ\u00eda en la pol\u00edtica dominicana.<\/p>\n\n\n\n<p>\u201cCarolina Mej\u00eda representa un liderazgo cercano, honesto y valiente. Y para continuar ese proyecto, necesitamos una juventud con principios, valores y deseo de superarse\u201d, afirm\u00f3 Santana.<\/p>\n\n\n\n<p>En ese mismo sentido, los organizadores destacaron que encuentros como este permiten fortalecer el compromiso de los j\u00f3venes con la democracia, generar espacios de di\u00e1logo y contribuir a formar l\u00edderes con conciencia social y \u00e9tica pol\u00edtica.<\/p>\n\n\n\n<p>El evento cerr\u00f3 con una ronda de intervenciones espont\u00e1neas por parte del p\u00fablico, donde se evidenci\u00f3 el entusiasmo, las inquietudes y las aspiraciones de una juventud decidida a no quedarse fuera de los procesos de transformaci\u00f3n nacional.<\/p>\n\n\n\n<p>La actividad fue valorada como un \u00e9xito por todos los presentes, quienes coincidieron en que espacios como este son esenciales para construir puentes entre la experiencia pol\u00edtica y la energ\u00eda juvenil.<\/p>\n\n\n\n<h1 class=\"wp-block-heading\">ElPueblo<\/h1>\n","protected":false},"excerpt":{"rendered":"<p>Fredy Fern\u00e1ndez motiva a j\u00f3venes de Santiago a liderar con prop\u00f3sito y compromisoArt\u00edculos relacionadosAbinader transforma sistema de agua potable en Bella Vista con obras por m\u00e1s de 160 millones. El Director Ejecutivo nacional de campa\u00f1a de Carolina Mej\u00eda comparte claves de liderazgo y superaci\u00f3n ante una multitud de j\u00f3venes en COOPNAMA Santiago, R.D. \u2013 El [&hellip;]<\/p>\n","protected":false},"author":1,"featured_media":1979,"comment_status":"open","ping_status":"open","sticky":false,"template":"","format":"standard","meta":{"footnotes":""},"categories":[32],"tags":[],"class_list":{"0":"post-1978","1":"post","2":"type-post","3":"status-publish","4":"format-standard","5":"has-post-thumbnail","7":"category-actualidad"},"_links":{"self":[{"href":"https:\/\/elpueblo.com.do\/api-json\/wp\/v2\/posts\/1978","targetHints":{"allow":["GET"]}}],"collection":[{"href":"https:\/\/elpueblo.com.do\/api-json\/wp\/v2\/posts"}],"about":[{"href":"https:\/\/elpueblo.com.do\/api-json\/wp\/v2\/types\/post"}],"author":[{"embeddable":true,"href":"https:\/\/elpueblo.com.do\/api-json\/wp\/v2\/users\/1"}],"replies":[{"embeddable":true,"href":"https:\/\/elpueblo.com.do\/api-json\/wp\/v2\/comments?post=1978"}],"version-history":[{"count":0,"href":"https:\/\/elpueblo.com.do\/api-json\/wp\/v2\/posts\/1978\/revisions"}],"wp:featuredmedia":[{"embeddable":true,"href":"https:\/\/elpueblo.com.do\/api-json\/wp\/v2\/media\/1979"}],"wp:attachment":[{"href":"https:\/\/elpueblo.com.do\/api-json\/wp\/v2\/media?parent=1978"}],"wp:term":[{"taxonomy":"category","embeddable":true,"href":"https:\/\/elpueblo.com.do\/api-json\/wp\/v2\/categories?post=1978"},{"taxonomy":"post_tag","embeddable":true,"href":"https:\/\/elpueblo.com.do\/api-json\/wp\/v2\/tags?post=1978"}],"curies":[{"name":"wp","href":"https:\/\/api.w.org\/{rel}","templated":true}]}}